{"id":1650,"date":"2022-06-14T20:42:45","date_gmt":"2022-06-14T20:42:45","guid":{"rendered":"http:\/\/carola.wwwnl1-sr12.supercp.com\/?p=1650"},"modified":"2022-11-19T14:01:30","modified_gmt":"2022-11-19T14:01:30","slug":"artikel-kronen-zeitung","status":"publish","type":"post","link":"https:\/\/dupmecp2.eu\/de\/artikel-kronen-zeitung\/","title":{"rendered":"MECP2-Genduplikationssyndrom taucht in einer \u00f6sterreichischen Zeitung (Kronen Zeitung) auf"},"content":{"rendered":"<p>Matteo mit dem MECP2-Genduplikationssyndrom erscheint in der Kronen Zeitung, einer \u00f6sterreichischen Zeitung (Anja Richter). <\/p>\n\n\n\n<p>Finden Sie hier die \u00dcbersetzung (Aus dem Deutschen von Karyn Lebescont) <\/p>\n\n\n\n<p><strong>EIN VIERJ\u00c4HRIGER JUNGE MIT EINEM GENETISCHEN DEFEKT<\/strong><\/p>\n\n\n\n<p>\"Die Zukunftsprognosen f\u00fcr unser Kind machen uns Angst\".<\/p>\n\n\n\n<p>Ein Artikel von Anja Richter f\u00fcr die Kronen Zeitung. Am 30.05.2022<\/p>\n\n\n\n<figure class=\"wp-block-image size-full\"><img fetchpriority=\"high\" decoding=\"async\" width=\"630\" height=\"356\" src=\"https:\/\/dupmecp2.eu\/wp-content\/uploads\/2022\/10\/630x356-1.jpg\" alt=\"\" class=\"wp-image-7839\" srcset=\"https:\/\/dupmecp2.eu\/wp-content\/uploads\/2022\/10\/630x356-1.jpg 630w, https:\/\/dupmecp2.eu\/wp-content\/uploads\/2022\/10\/630x356-1-300x170.jpg 300w\" sizes=\"(max-width: 630px) 100vw, 630px\" \/><figcaption class=\"wp-element-caption\">(Foto: Martin A. J\u00f6chl, Krone KREATIV)<\/figcaption><\/figure>\n\n\n\n<p>Dreieinhalb Jahre lang drehten sich Matteos Eltern im Kreis. Erst am Ende dieser Zeit kam die ersch\u00fctternde Diagnose. Das engagierte Chemikerpaar m\u00f6chte anderen Familien einen solchen Leidensweg ersparen.<\/p>\n\n\n\n<p>Als Matteo im Mai 2018 geboren wurde, behaupteten die \u00c4rzte, dass mit dem kleinen Jungen alles in Ordnung sei. Selbst als er im ersten Lebensjahr wegen zahlreicher Infektionen ins Krankenhaus musste, wurde den Eltern gesagt, sie sollten sich keine Sorgen machen. Und selbst als der Junge erst mit 28 Monaten zu laufen begann, sagte man ihnen: \"Es ist nur so, dass er ein bisschen sp\u00e4t dran ist\". Dabei hatten David und Caroline C. schon lange gesp\u00fcrt, dass mit ihrem Sohn etwas nicht stimmte. Aber was?<\/p>\n\n\n\n<p><strong>Nur zwei F\u00e4lle dieser Krankheit in \u00d6sterreich registriert<\/strong><\/p>\n\n\n\n<p>Es beginnt ein Leidensweg durch Dutzende von \u00c4rzten. Im August 2021, dreieinhalb Jahre nach Matteos Geburt, erhalten die Eltern die ersch\u00fctternde Diagnose vom Institut f\u00fcr Genetik der MedUni Wien. Der vierj\u00e4hrige Junge ist eines von nur zwei \u00f6sterreichischen Kindern, die an dem seltenen Gendefekt MECP2 leiden. Weltweit wurden nur 215 F\u00e4lle dieser Krankheit, die dem Rett-Syndrom \u00e4hnelt, aber haupts\u00e4chlich Jungen betrifft, registriert.<\/p>\n\n\n\n<figure class=\"wp-block-image size-full\"><img decoding=\"async\" width=\"630\" height=\"356\" data-src=\"https:\/\/dupmecp2.eu\/wp-content\/uploads\/2022\/10\/630x356.jpg\" alt=\"\" class=\"wp-image-7842 lazyload\" data-srcset=\"https:\/\/dupmecp2.eu\/wp-content\/uploads\/2022\/10\/630x356.jpg 630w, https:\/\/dupmecp2.eu\/wp-content\/uploads\/2022\/10\/630x356-300x170.jpg 300w\" data-sizes=\"(max-width: 630px) 100vw, 630px\" src=\"data:image\/svg+xml;base64,PHN2ZyB3aWR0aD0iMSIgaGVpZ2h0PSIxIiB4bWxucz0iaHR0cDovL3d3dy53My5vcmcvMjAwMC9zdmciPjwvc3ZnPg==\" style=\"--smush-placeholder-width: 630px; --smush-placeholder-aspect-ratio: 630\/356;\" \/><figcaption class=\"wp-element-caption\">(Foto: Martin A. J\u00f6chl, Krone KREATIV)<\/figcaption><\/figure>\n\n\n\n<p><strong>Matteo kann einige Worte sprechen und laufen. Aber wird das auch so bleiben?<\/strong><\/p>\n\n\n\n<p>\"Bei Matteo ist ein Protein im Gehirn, das andere Proteine steuert, doppelt vorhanden. Das wirkt sich sowohl auf seine geistige als auch auf seine k\u00f6rperliche Entwicklung aus\", erz\u00e4hlt seine Mutter Caroline bei einem Treffen mit der \"Krone\" in einem Wiener Park. \"Er versteht und f\u00fchlt nicht alles, er kann nur wenige Worte sprechen\", erz\u00e4hlt sie.<\/p>\n\n\n\n<p>\" Am erschreckendsten sind jedoch die Zukunftsprognosen f\u00fcr unser Kind. Denn 50 Prozent der betroffenen Kinder bekommen im Grundschulalter epileptische Anf\u00e4lle und erlangen danach nur allm\u00e4hlich die F\u00e4higkeiten zur\u00fcck, die sie vorher hatten\", erkl\u00e4rt die Chemikerin aus Paris. Nur die H\u00e4lfte der Betroffenen lebt noch an ihrem 25.<\/p>\n\n\n\n<figure class=\"wp-block-image size-full\"><img decoding=\"async\" width=\"630\" height=\"356\" data-src=\"https:\/\/dupmecp2.eu\/wp-content\/uploads\/2022\/10\/630x356-3.jpg\" alt=\"\" class=\"wp-image-7846 lazyload\" data-srcset=\"https:\/\/dupmecp2.eu\/wp-content\/uploads\/2022\/10\/630x356-3.jpg 630w, https:\/\/dupmecp2.eu\/wp-content\/uploads\/2022\/10\/630x356-3-300x170.jpg 300w\" data-sizes=\"(max-width: 630px) 100vw, 630px\" src=\"data:image\/svg+xml;base64,PHN2ZyB3aWR0aD0iMSIgaGVpZ2h0PSIxIiB4bWxucz0iaHR0cDovL3d3dy53My5vcmcvMjAwMC9zdmciPjwvc3ZnPg==\" style=\"--smush-placeholder-width: 630px; --smush-placeholder-aspect-ratio: 630\/356;\" \/><figcaption class=\"wp-element-caption\">(Foto: Martin A. J\u00f6chl, Krone KREATIV)<\/figcaption><\/figure>\n\n\n\n<p><strong>Eine Familie, die mit der Diagnose allein gelassen wird<\/strong><\/p>\n\n\n\n<p>\"Wir wollen uns das gar nicht vorstellen\", sagt Matteos Papa, der ebenfalls Chemiker ist und in Wien eine leitende Position innehat. Was dem 40-J\u00e4hrigen Sorgen bereitet, ist die Art und Weise, wie Familien mit solch schrecklichen Diagnosen konfrontiert werden: \"Als Wissenschaftler verstehen wir in etwa, was die \u00c4rzte uns sagen. Aber wie m\u00fcssen sich andere Eltern f\u00fchlen, wenn all diese komplizierten Fachbegriffe ohne Erkl\u00e4rung auf sie einprasseln?\".<\/p>\n\n\n\n<p><strong>Eltern versuchen, etwas zu tun, um das System zu verbessern<\/strong><\/p>\n\n\n\n<p>Die Eltern, die mittlerweile \u00fcber ein gutes internationales Netzwerk verf\u00fcgen, setzen sich f\u00fcr eine Verbesserung des Systems ein. Nicht nur f\u00fcr ihren Sohn, sondern f\u00fcr alle betroffenen Familien: \"Die Eltern brauchen mehr Unterst\u00fctzung, zum Beispiel psychologische Hilfe. Aber auch Hilfe bei allem, was mit Rehabilitation, Tagesbetreuungseinrichtungen und vielem mehr zu tun hat\".<\/p>\n\n\n\n<p>Matteo hat einen der wenigen Pl\u00e4tze im Kindergarten f\u00fcr behinderte Kinder in Wien bekommen und besucht die Karl-Schubert-Schule in Liesing. \"Es stehen 40 Kinder auf der Warteliste. Auch hier besteht dringender Handlungsbedarf\", das Paar setzt sich auch daf\u00fcr ein, dass Eltern von Kindern mit Behinderungen nicht aufgrund des Mangels an Betreuungspl\u00e4tzen ihren Job aufgeben m\u00fcssen und so in die Armutsspirale geraten.<\/p>\n\n\n\n<p><strong>Die Bindung an die sechsj\u00e4hrige Schwester ist stark sp\u00fcrbar<\/strong><\/p>\n\n\n\n<p>Die Art und Weise, wie Familie C. ihr Leben meistert, ist bewundernswert! Und findet ihren besten Ausdruck in den gl\u00fccklichen Augen ihres Sohnes, der bei der Begegnung mit der \"Krone\" mehrmals sein Spielzeug zeigt, dabei l\u00e4chelt und \"Schiff\" ruft. Auch die Bindung zu seiner sechsj\u00e4hrigen Schwester Nyssa ist gut sp\u00fcrbar. Mutter Caroline l\u00e4chelt, wenn sie \u00fcber die beiden spricht: \"Nyssa ist unglaublich liebevoll zu Matteo und macht sich Sorgen um ihn. Wir haben das Gef\u00fchl, dass sie manchmal besser als wir versteht, was er in einem bestimmten Moment braucht\".<\/p>\n\n\n\n<p><strong>Forschungsprojekt zu MECP2<\/strong><\/p>\n\n\n\n<p>M\u00f6chten Sie mehr \u00fcber Matteo erfahren oder die Forschung zu seiner seltenen genetischen Krankheit unterst\u00fctzen? Kontaktieren Sie seine Eltern \u00fcber :<\/p>\n\n\n\n<p>Matteos Instagram-Account: matteo_mds Per E-Mail: matteo_mds@gmx.net<\/p>\n\n\n\n<p>Zur Unterst\u00fctzung der Aktivit\u00e4ten mit den Kindern in Matteos Schule: Karl Schubert Schulverein (IBAN: AT83 1100 0006 6197 9500, BIC: BKAUATWW)<\/p>","protected":false},"excerpt":{"rendered":"<p>Matteo atteint du syndrome de la duplication du g\u00e8ne MECP2 apparait dans le Kronen Zeitung, un journal autrichien (Anja Richter). Retrouvez ici la traduction (Traduit de l&rsquo;allemand par Karyn Lebescont) [&hellip;]<\/p>","protected":false},"author":1,"featured_media":1531,"comment_status":"closed","ping_status":"closed","sticky":false,"template":"","format":"standard","meta":{"footnotes":""},"categories":[45],"tags":[],"class_list":["post-1650","post","type-post","status-publish","format-standard","has-post-thumbnail","hentry","category-medias"],"yoast_head":"<!-- This site is optimized with the Yoast SEO plugin v25.8 - https:\/\/yoast.com\/wordpress\/plugins\/seo\/ -->\n<title>Le syndrome de duplication du g\u00e8ne MECP2 apparait dans un journal autrichien (Kronen Zeitung) - DupMECP2<\/title>\n<meta name=\"robots\" content=\"index, follow, max-snippet:-1, max-image-preview:large, max-video-preview:-1\" \/>\n<link rel=\"canonical\" href=\"https:\/\/dupmecp2.eu\/de\/mecp2-duplication-syndrome-appears-in-the-kronen-zeitung-austrian-newspaper\/?lang=en\" \/>\n<meta property=\"og:locale\" content=\"de_DE\" \/>\n<meta property=\"og:type\" content=\"article\" \/>\n<meta property=\"og:title\" content=\"Le syndrome de duplication du g\u00e8ne MECP2 apparait dans un journal autrichien (Kronen Zeitung) - DupMECP2\" \/>\n<meta property=\"og:description\" content=\"Matteo atteint du syndrome de la duplication du g\u00e8ne MECP2 apparait dans le Kronen Zeitung, un journal autrichien (Anja Richter). Retrouvez ici la traduction (Traduit de l&rsquo;allemand par Karyn Lebescont) [&hellip;]\" \/>\n<meta property=\"og:url\" content=\"https:\/\/dupmecp2.eu\/de\/mecp2-duplication-syndrome-appears-in-the-kronen-zeitung-austrian-newspaper\/?lang=en\" \/>\n<meta property=\"og:site_name\" content=\"DupMECP2\" \/>\n<meta property=\"article:published_time\" content=\"2022-06-14T20:42:45+00:00\" \/>\n<meta property=\"article:modified_time\" content=\"2022-11-19T14:01:30+00:00\" \/>\n<meta property=\"og:image\" content=\"https:\/\/dupmecp2.eu\/wp-content\/uploads\/2022\/06\/Screen-Shot-2022-06-12-at-12.50.34-PM-e1658323119765.jpg\" \/>\n\t<meta property=\"og:image:width\" content=\"828\" \/>\n\t<meta property=\"og:image:height\" content=\"699\" \/>\n\t<meta property=\"og:image:type\" content=\"image\/jpeg\" \/>\n<meta name=\"author\" content=\"Caroline\" \/>\n<meta name=\"twitter:card\" content=\"summary_large_image\" \/>\n<meta name=\"twitter:label1\" content=\"Verfasst von\" \/>\n\t<meta name=\"twitter:data1\" content=\"Caroline\" \/>\n\t<meta name=\"twitter:label2\" content=\"Gesch\u00e4tzte Lesezeit\" \/>\n\t<meta name=\"twitter:data2\" content=\"5\u00a0Minuten\" \/>\n<script type=\"application\/ld+json\" class=\"yoast-schema-graph\">{\"@context\":\"https:\/\/schema.org\",\"@graph\":[{\"@type\":\"Article\",\"@id\":\"https:\/\/dupmecp2.eu\/mecp2-duplication-syndrome-appears-in-the-kronen-zeitung-austrian-newspaper\/?lang=en#article\",\"isPartOf\":{\"@id\":\"https:\/\/dupmecp2.eu\/mecp2-duplication-syndrome-appears-in-the-kronen-zeitung-austrian-newspaper\/?lang=en\"},\"author\":{\"name\":\"Caroline\",\"@id\":\"https:\/\/dupmecp2.eu\/#\/schema\/person\/b41e8cbba153cd974ee340386af279ee\"},\"headline\":\"Le syndrome de duplication du g\u00e8ne MECP2 apparait dans un journal autrichien (Kronen Zeitung)\",\"datePublished\":\"2022-06-14T20:42:45+00:00\",\"dateModified\":\"2022-11-19T14:01:30+00:00\",\"mainEntityOfPage\":{\"@id\":\"https:\/\/dupmecp2.eu\/mecp2-duplication-syndrome-appears-in-the-kronen-zeitung-austrian-newspaper\/?lang=en\"},\"wordCount\":875,\"publisher\":{\"@id\":\"https:\/\/dupmecp2.eu\/#organization\"},\"image\":{\"@id\":\"https:\/\/dupmecp2.eu\/mecp2-duplication-syndrome-appears-in-the-kronen-zeitung-austrian-newspaper\/?lang=en#primaryimage\"},\"thumbnailUrl\":\"https:\/\/dupmecp2.eu\/wp-content\/uploads\/2022\/06\/Screen-Shot-2022-06-12-at-12.50.34-PM-e1658323119765.jpg\",\"articleSection\":[\"M\u00e9dias\"],\"inLanguage\":\"de\"},{\"@type\":\"WebPage\",\"@id\":\"https:\/\/dupmecp2.eu\/mecp2-duplication-syndrome-appears-in-the-kronen-zeitung-austrian-newspaper\/?lang=en\",\"url\":\"https:\/\/dupmecp2.eu\/mecp2-duplication-syndrome-appears-in-the-kronen-zeitung-austrian-newspaper\/?lang=en\",\"name\":\"Le syndrome de duplication du g\u00e8ne MECP2 apparait dans un journal autrichien (Kronen Zeitung) - DupMECP2\",\"isPartOf\":{\"@id\":\"https:\/\/dupmecp2.eu\/#website\"},\"primaryImageOfPage\":{\"@id\":\"https:\/\/dupmecp2.eu\/mecp2-duplication-syndrome-appears-in-the-kronen-zeitung-austrian-newspaper\/?lang=en#primaryimage\"},\"image\":{\"@id\":\"https:\/\/dupmecp2.eu\/mecp2-duplication-syndrome-appears-in-the-kronen-zeitung-austrian-newspaper\/?lang=en#primaryimage\"},\"thumbnailUrl\":\"https:\/\/dupmecp2.eu\/wp-content\/uploads\/2022\/06\/Screen-Shot-2022-06-12-at-12.50.34-PM-e1658323119765.jpg\",\"datePublished\":\"2022-06-14T20:42:45+00:00\",\"dateModified\":\"2022-11-19T14:01:30+00:00\",\"breadcrumb\":{\"@id\":\"https:\/\/dupmecp2.eu\/mecp2-duplication-syndrome-appears-in-the-kronen-zeitung-austrian-newspaper\/?lang=en#breadcrumb\"},\"inLanguage\":\"de\",\"potentialAction\":[{\"@type\":\"ReadAction\",\"target\":[\"https:\/\/dupmecp2.eu\/mecp2-duplication-syndrome-appears-in-the-kronen-zeitung-austrian-newspaper\/?lang=en\"]}]},{\"@type\":\"ImageObject\",\"inLanguage\":\"de\",\"@id\":\"https:\/\/dupmecp2.eu\/mecp2-duplication-syndrome-appears-in-the-kronen-zeitung-austrian-newspaper\/?lang=en#primaryimage\",\"url\":\"https:\/\/dupmecp2.eu\/wp-content\/uploads\/2022\/06\/Screen-Shot-2022-06-12-at-12.50.34-PM-e1658323119765.jpg\",\"contentUrl\":\"https:\/\/dupmecp2.eu\/wp-content\/uploads\/2022\/06\/Screen-Shot-2022-06-12-at-12.50.34-PM-e1658323119765.jpg\",\"width\":828,\"height\":699},{\"@type\":\"BreadcrumbList\",\"@id\":\"https:\/\/dupmecp2.eu\/mecp2-duplication-syndrome-appears-in-the-kronen-zeitung-austrian-newspaper\/?lang=en#breadcrumb\",\"itemListElement\":[{\"@type\":\"ListItem\",\"position\":1,\"name\":\"Accueil\",\"item\":\"https:\/\/dupmecp2.eu\/\"},{\"@type\":\"ListItem\",\"position\":2,\"name\":\"Medias\",\"item\":\"https:\/\/dupmecp2.eu\/category\/medias-en\/?lang=en\"},{\"@type\":\"ListItem\",\"position\":3,\"name\":\"Le syndrome de duplication du g\u00e8ne MECP2 apparait dans un journal autrichien (Kronen Zeitung)\"}]},{\"@type\":\"WebSite\",\"@id\":\"https:\/\/dupmecp2.eu\/#website\",\"url\":\"https:\/\/dupmecp2.eu\/\",\"name\":\"DupMECP2\",\"description\":\"EU\",\"publisher\":{\"@id\":\"https:\/\/dupmecp2.eu\/#organization\"},\"potentialAction\":[{\"@type\":\"SearchAction\",\"target\":{\"@type\":\"EntryPoint\",\"urlTemplate\":\"https:\/\/dupmecp2.eu\/?s={search_term_string}\"},\"query-input\":{\"@type\":\"PropertyValueSpecification\",\"valueRequired\":true,\"valueName\":\"search_term_string\"}}],\"inLanguage\":\"de\"},{\"@type\":\"Organization\",\"@id\":\"https:\/\/dupmecp2.eu\/#organization\",\"name\":\"DupMECP2\",\"url\":\"https:\/\/dupmecp2.eu\/\",\"logo\":{\"@type\":\"ImageObject\",\"inLanguage\":\"de\",\"@id\":\"https:\/\/dupmecp2.eu\/#\/schema\/logo\/image\/\",\"url\":\"\",\"contentUrl\":\"\",\"caption\":\"DupMECP2\"},\"image\":{\"@id\":\"https:\/\/dupmecp2.eu\/#\/schema\/logo\/image\/\"}},{\"@type\":\"Person\",\"@id\":\"https:\/\/dupmecp2.eu\/#\/schema\/person\/b41e8cbba153cd974ee340386af279ee\",\"name\":\"Caroline\",\"sameAs\":[\"https:\/\/dupmecp2.eu\"],\"url\":\"https:\/\/dupmecp2.eu\/de\/author\/417a2385dc37aa45\/\"}]}<\/script>\n<!-- \/ Yoast SEO plugin. -->","yoast_head_json":{"title":"Das MECP2-Genduplikationssyndrom taucht in einer \u00f6sterreichischen Zeitung (Kronen Zeitung) auf - DupMECP2","robots":{"index":"index","follow":"follow","max-snippet":"max-snippet:-1","max-image-preview":"max-image-preview:large","max-video-preview":"max-video-preview:-1"},"canonical":"https:\/\/dupmecp2.eu\/de\/mecp2-duplication-syndrome-appears-in-the-kronen-zeitung-austrian-newspaper\/?lang=en","og_locale":"de_DE","og_type":"article","og_title":"Le syndrome de duplication du g\u00e8ne MECP2 apparait dans un journal autrichien (Kronen Zeitung) - DupMECP2","og_description":"Matteo atteint du syndrome de la duplication du g\u00e8ne MECP2 apparait dans le Kronen Zeitung, un journal autrichien (Anja Richter). Retrouvez ici la traduction (Traduit de l&rsquo;allemand par Karyn Lebescont) [&hellip;]","og_url":"https:\/\/dupmecp2.eu\/de\/mecp2-duplication-syndrome-appears-in-the-kronen-zeitung-austrian-newspaper\/?lang=en","og_site_name":"DupMECP2","article_published_time":"2022-06-14T20:42:45+00:00","article_modified_time":"2022-11-19T14:01:30+00:00","og_image":[{"width":828,"height":699,"url":"https:\/\/dupmecp2.eu\/wp-content\/uploads\/2022\/06\/Screen-Shot-2022-06-12-at-12.50.34-PM-e1658323119765.jpg","type":"image\/jpeg"}],"author":"Caroline","twitter_card":"summary_large_image","twitter_misc":{"Verfasst von":"Caroline","Gesch\u00e4tzte Lesezeit":"5\u00a0Minuten"},"schema":{"@context":"https:\/\/schema.org","@graph":[{"@type":"Article","@id":"https:\/\/dupmecp2.eu\/mecp2-duplication-syndrome-appears-in-the-kronen-zeitung-austrian-newspaper\/?lang=en#article","isPartOf":{"@id":"https:\/\/dupmecp2.eu\/mecp2-duplication-syndrome-appears-in-the-kronen-zeitung-austrian-newspaper\/?lang=en"},"author":{"name":"Caroline","@id":"https:\/\/dupmecp2.eu\/#\/schema\/person\/b41e8cbba153cd974ee340386af279ee"},"headline":"Le syndrome de duplication du g\u00e8ne MECP2 apparait dans un journal autrichien (Kronen Zeitung)","datePublished":"2022-06-14T20:42:45+00:00","dateModified":"2022-11-19T14:01:30+00:00","mainEntityOfPage":{"@id":"https:\/\/dupmecp2.eu\/mecp2-duplication-syndrome-appears-in-the-kronen-zeitung-austrian-newspaper\/?lang=en"},"wordCount":875,"publisher":{"@id":"https:\/\/dupmecp2.eu\/#organization"},"image":{"@id":"https:\/\/dupmecp2.eu\/mecp2-duplication-syndrome-appears-in-the-kronen-zeitung-austrian-newspaper\/?lang=en#primaryimage"},"thumbnailUrl":"https:\/\/dupmecp2.eu\/wp-content\/uploads\/2022\/06\/Screen-Shot-2022-06-12-at-12.50.34-PM-e1658323119765.jpg","articleSection":["M\u00e9dias"],"inLanguage":"de"},{"@type":"WebPage","@id":"https:\/\/dupmecp2.eu\/mecp2-duplication-syndrome-appears-in-the-kronen-zeitung-austrian-newspaper\/?lang=en","url":"https:\/\/dupmecp2.eu\/mecp2-duplication-syndrome-appears-in-the-kronen-zeitung-austrian-newspaper\/?lang=en","name":"Das MECP2-Genduplikationssyndrom taucht in einer \u00f6sterreichischen Zeitung (Kronen Zeitung) auf - DupMECP2","isPartOf":{"@id":"https:\/\/dupmecp2.eu\/#website"},"primaryImageOfPage":{"@id":"https:\/\/dupmecp2.eu\/mecp2-duplication-syndrome-appears-in-the-kronen-zeitung-austrian-newspaper\/?lang=en#primaryimage"},"image":{"@id":"https:\/\/dupmecp2.eu\/mecp2-duplication-syndrome-appears-in-the-kronen-zeitung-austrian-newspaper\/?lang=en#primaryimage"},"thumbnailUrl":"https:\/\/dupmecp2.eu\/wp-content\/uploads\/2022\/06\/Screen-Shot-2022-06-12-at-12.50.34-PM-e1658323119765.jpg","datePublished":"2022-06-14T20:42:45+00:00","dateModified":"2022-11-19T14:01:30+00:00","breadcrumb":{"@id":"https:\/\/dupmecp2.eu\/mecp2-duplication-syndrome-appears-in-the-kronen-zeitung-austrian-newspaper\/?lang=en#breadcrumb"},"inLanguage":"de","potentialAction":[{"@type":"ReadAction","target":["https:\/\/dupmecp2.eu\/mecp2-duplication-syndrome-appears-in-the-kronen-zeitung-austrian-newspaper\/?lang=en"]}]},{"@type":"ImageObject","inLanguage":"de","@id":"https:\/\/dupmecp2.eu\/mecp2-duplication-syndrome-appears-in-the-kronen-zeitung-austrian-newspaper\/?lang=en#primaryimage","url":"https:\/\/dupmecp2.eu\/wp-content\/uploads\/2022\/06\/Screen-Shot-2022-06-12-at-12.50.34-PM-e1658323119765.jpg","contentUrl":"https:\/\/dupmecp2.eu\/wp-content\/uploads\/2022\/06\/Screen-Shot-2022-06-12-at-12.50.34-PM-e1658323119765.jpg","width":828,"height":699},{"@type":"BreadcrumbList","@id":"https:\/\/dupmecp2.eu\/mecp2-duplication-syndrome-appears-in-the-kronen-zeitung-austrian-newspaper\/?lang=en#breadcrumb","itemListElement":[{"@type":"ListItem","position":1,"name":"Accueil","item":"https:\/\/dupmecp2.eu\/"},{"@type":"ListItem","position":2,"name":"Medias","item":"https:\/\/dupmecp2.eu\/category\/medias-en\/?lang=en"},{"@type":"ListItem","position":3,"name":"Le syndrome de duplication du g\u00e8ne MECP2 apparait dans un journal autrichien (Kronen Zeitung)"}]},{"@type":"WebSite","@id":"https:\/\/dupmecp2.eu\/#website","url":"https:\/\/dupmecp2.eu\/","name":"DupMECP2","description":"EU","publisher":{"@id":"https:\/\/dupmecp2.eu\/#organization"},"potentialAction":[{"@type":"SearchAction","target":{"@type":"EntryPoint","urlTemplate":"https:\/\/dupmecp2.eu\/?s={search_term_string}"},"query-input":{"@type":"PropertyValueSpecification","valueRequired":true,"valueName":"search_term_string"}}],"inLanguage":"de"},{"@type":"Organization","@id":"https:\/\/dupmecp2.eu\/#organization","name":"DupMECP2","url":"https:\/\/dupmecp2.eu\/","logo":{"@type":"ImageObject","inLanguage":"de","@id":"https:\/\/dupmecp2.eu\/#\/schema\/logo\/image\/","url":"","contentUrl":"","caption":"DupMECP2"},"image":{"@id":"https:\/\/dupmecp2.eu\/#\/schema\/logo\/image\/"}},{"@type":"Person","@id":"https:\/\/dupmecp2.eu\/#\/schema\/person\/b41e8cbba153cd974ee340386af279ee","name":"Caroline","sameAs":["https:\/\/dupmecp2.eu"],"url":"https:\/\/dupmecp2.eu\/de\/author\/417a2385dc37aa45\/"}]}},"_links":{"self":[{"href":"https:\/\/dupmecp2.eu\/de\/wp-json\/wp\/v2\/posts\/1650","targetHints":{"allow":["GET"]}}],"collection":[{"href":"https:\/\/dupmecp2.eu\/de\/wp-json\/wp\/v2\/posts"}],"about":[{"href":"https:\/\/dupmecp2.eu\/de\/wp-json\/wp\/v2\/types\/post"}],"author":[{"embeddable":true,"href":"https:\/\/dupmecp2.eu\/de\/wp-json\/wp\/v2\/users\/1"}],"replies":[{"embeddable":true,"href":"https:\/\/dupmecp2.eu\/de\/wp-json\/wp\/v2\/comments?post=1650"}],"version-history":[{"count":0,"href":"https:\/\/dupmecp2.eu\/de\/wp-json\/wp\/v2\/posts\/1650\/revisions"}],"wp:featuredmedia":[{"embeddable":true,"href":"https:\/\/dupmecp2.eu\/de\/wp-json\/wp\/v2\/media\/1531"}],"wp:attachment":[{"href":"https:\/\/dupmecp2.eu\/de\/wp-json\/wp\/v2\/media?parent=1650"}],"wp:term":[{"taxonomy":"category","embeddable":true,"href":"https:\/\/dupmecp2.eu\/de\/wp-json\/wp\/v2\/categories?post=1650"},{"taxonomy":"post_tag","embeddable":true,"href":"https:\/\/dupmecp2.eu\/de\/wp-json\/wp\/v2\/tags?post=1650"}],"curies":[{"name":"wp","href":"https:\/\/api.w.org\/{rel}","templated":true}]}}