{"id":33470,"date":"2025-06-05T18:20:00","date_gmt":"2025-06-05T16:20:00","guid":{"rendered":"https:\/\/dupmecp2.eu\/?p=33470"},"modified":"2025-09-04T08:57:03","modified_gmt":"2025-09-04T06:57:03","slug":"graetzlfest-2025","status":"publish","type":"post","link":"https:\/\/dupmecp2.eu\/en\/graetzlfest-2025\/","title":{"rendered":"Coming Together for MDS at the Ober St. Veit Street Festival"},"content":{"rendered":"<h3 class=\"wp-block-heading\">On May 9\u201310, 2025, we were thrilled to take part in the local street festival in Ober St. Veit (Vienna, Austria) for the second time.<\/h3>\n\n\n\n<figure class=\"wp-block-image size-large\"><img fetchpriority=\"high\" decoding=\"async\" width=\"1920\" height=\"1080\" src=\"https:\/\/dupmecp2.eu\/wp-content\/uploads\/2025\/09\/5-1-edited.jpg\" alt=\"\" class=\"wp-image-33477\" srcset=\"https:\/\/dupmecp2.eu\/wp-content\/uploads\/2025\/09\/5-1-edited.jpg 1920w, https:\/\/dupmecp2.eu\/wp-content\/uploads\/2025\/09\/5-1-edited-300x169.jpg 300w, https:\/\/dupmecp2.eu\/wp-content\/uploads\/2025\/09\/5-1-edited-1024x576.jpg 1024w, https:\/\/dupmecp2.eu\/wp-content\/uploads\/2025\/09\/5-1-edited-768x432.jpg 768w, https:\/\/dupmecp2.eu\/wp-content\/uploads\/2025\/09\/5-1-edited-1536x864.jpg 1536w, https:\/\/dupmecp2.eu\/wp-content\/uploads\/2025\/09\/5-1-edited-18x10.jpg 18w\" sizes=\"(max-width: 1920px) 100vw, 1920px\" \/><\/figure>\n\n\n\n<div style=\"height:47px\" aria-hidden=\"true\" class=\"wp-block-spacer\"><\/div>\n\n\n\n<p>This wonderful family event gave us the chance to raise funds through a tombola to support families affected by MDS, while also raising awareness about MECP2 Duplication Syndrome and sharing our mission.<\/p>\n\n\n\n<figure class=\"wp-block-image size-large\"><img decoding=\"async\" width=\"1920\" height=\"1080\" data-src=\"https:\/\/dupmecp2.eu\/wp-content\/uploads\/2025\/09\/4-1-edited.jpg\" alt=\"\" class=\"wp-image-33475 lazyload\" data-srcset=\"https:\/\/dupmecp2.eu\/wp-content\/uploads\/2025\/09\/4-1-edited.jpg 1920w, https:\/\/dupmecp2.eu\/wp-content\/uploads\/2025\/09\/4-1-edited-300x169.jpg 300w, https:\/\/dupmecp2.eu\/wp-content\/uploads\/2025\/09\/4-1-edited-1024x576.jpg 1024w, https:\/\/dupmecp2.eu\/wp-content\/uploads\/2025\/09\/4-1-edited-768x432.jpg 768w, https:\/\/dupmecp2.eu\/wp-content\/uploads\/2025\/09\/4-1-edited-1536x864.jpg 1536w, https:\/\/dupmecp2.eu\/wp-content\/uploads\/2025\/09\/4-1-edited-18x10.jpg 18w\" data-sizes=\"(max-width: 1920px) 100vw, 1920px\" src=\"data:image\/svg+xml;base64,PHN2ZyB3aWR0aD0iMSIgaGVpZ2h0PSIxIiB4bWxucz0iaHR0cDovL3d3dy53My5vcmcvMjAwMC9zdmciPjwvc3ZnPg==\" style=\"--smush-placeholder-width: 1920px; --smush-placeholder-aspect-ratio: 1920\/1080;\" \/><\/figure>\n\n\n\n<div style=\"height:47px\" aria-hidden=\"true\" class=\"wp-block-spacer\"><\/div>\n\n\n\n<p><strong>A big thank you to everyone who visited our stand, bought tombola tickets, and supported our cause. Special thanks to the festival organizers\u202f@kaufleute_ober_st._veit\u202fand all the amazing volunteers, big and small, who helped us over the two days.<\/strong><\/p>\n\n\n\n<p>Perfect weather and a fantastic atmosphere made this event a great success!<\/p>\n\n\n\n<p><\/p>","protected":false},"excerpt":{"rendered":"<p>Les 9 et 10 mai 2025, nous avons eu le plaisir de participer pour la deuxi\u00e8me fois au festival de rue d\u2019Ober St. Veit (Vienne, Autriche). Ce merveilleux \u00e9v\u00e9nement familial [&hellip;]<\/p>","protected":false},"author":1,"featured_media":33471,"comment_status":"closed","ping_status":"closed","sticky":false,"template":"","format":"standard","meta":{"footnotes":""},"categories":[219],"tags":[],"class_list":["post-33470","post","type-post","status-publish","format-standard","has-post-thumbnail","hentry","category-evenements"],"yoast_head":"<!-- This site is optimized with the Yoast SEO plugin v25.8 - https:\/\/yoast.com\/wordpress\/plugins\/seo\/ -->\n<title>Gr\u00e4tzlfest\u00a0: Unis pour le MDS au festival de rue d\u2019Ober St. Veit - DupMECP2<\/title>\n<meta name=\"description\" content=\"Ce merveilleux \u00e9v\u00e9nement familial nous a permis de collecter des fonds gr\u00e2ce \u00e0 une tombola pour soutenir les familles touch\u00e9es par le syndrome de duplication du g\u00e8ne MECP2, tout en sensibilisant le public et en partageant notre mission.\" \/>\n<meta name=\"robots\" content=\"index, follow, max-snippet:-1, max-image-preview:large, max-video-preview:-1\" \/>\n<link rel=\"canonical\" href=\"https:\/\/dupmecp2.eu\/en\/graetzlfest-2025\/\" \/>\n<meta property=\"og:locale\" content=\"en_GB\" \/>\n<meta property=\"og:type\" content=\"article\" \/>\n<meta property=\"og:title\" content=\"Gr\u00e4tzlfest\u00a0: Unis pour le MDS au festival de rue d\u2019Ober St. Veit - DupMECP2\" \/>\n<meta property=\"og:description\" content=\"Ce merveilleux \u00e9v\u00e9nement familial nous a permis de collecter des fonds gr\u00e2ce \u00e0 une tombola pour soutenir les familles touch\u00e9es par le syndrome de duplication du g\u00e8ne MECP2, tout en sensibilisant le public et en partageant notre mission.\" \/>\n<meta property=\"og:url\" content=\"https:\/\/dupmecp2.eu\/en\/graetzlfest-2025\/\" \/>\n<meta property=\"og:site_name\" content=\"DupMECP2\" \/>\n<meta property=\"article:published_time\" content=\"2025-06-05T16:20:00+00:00\" \/>\n<meta property=\"article:modified_time\" content=\"2025-09-04T06:57:03+00:00\" \/>\n<meta property=\"og:image\" content=\"https:\/\/dupmecp2.eu\/wp-content\/uploads\/2025\/09\/gratzlfest.jpg\" \/>\n\t<meta property=\"og:image:width\" content=\"1080\" \/>\n\t<meta property=\"og:image:height\" content=\"1080\" \/>\n\t<meta property=\"og:image:type\" content=\"image\/jpeg\" \/>\n<meta name=\"author\" content=\"Caroline\" \/>\n<meta name=\"twitter:card\" content=\"summary_large_image\" \/>\n<meta name=\"twitter:label1\" content=\"Written by\" \/>\n\t<meta name=\"twitter:data1\" content=\"Caroline\" \/>\n\t<meta name=\"twitter:label2\" content=\"Estimated reading time\" \/>\n\t<meta name=\"twitter:data2\" content=\"2 minutes\" \/>\n<script type=\"application\/ld+json\" class=\"yoast-schema-graph\">{\"@context\":\"https:\/\/schema.org\",\"@graph\":[{\"@type\":\"Article\",\"@id\":\"https:\/\/dupmecp2.eu\/gratzlfest-2025\/#article\",\"isPartOf\":{\"@id\":\"https:\/\/dupmecp2.eu\/gratzlfest-2025\/\"},\"author\":{\"name\":\"Caroline\",\"@id\":\"https:\/\/dupmecp2.eu\/#\/schema\/person\/b41e8cbba153cd974ee340386af279ee\"},\"headline\":\"Gr\u00e4tzlfest\u00a0: Unis pour le MDS au festival de rue d\u2019Ober St. Veit\",\"datePublished\":\"2025-06-05T16:20:00+00:00\",\"dateModified\":\"2025-09-04T06:57:03+00:00\",\"mainEntityOfPage\":{\"@id\":\"https:\/\/dupmecp2.eu\/gratzlfest-2025\/\"},\"wordCount\":158,\"publisher\":{\"@id\":\"https:\/\/dupmecp2.eu\/#organization\"},\"image\":{\"@id\":\"https:\/\/dupmecp2.eu\/gratzlfest-2025\/#primaryimage\"},\"thumbnailUrl\":\"https:\/\/dupmecp2.eu\/wp-content\/uploads\/2025\/09\/gratzlfest.jpg\",\"articleSection\":[\"\u00c9v\u00e9nements pass\u00e9s\"],\"inLanguage\":\"en-GB\"},{\"@type\":\"WebPage\",\"@id\":\"https:\/\/dupmecp2.eu\/gratzlfest-2025\/\",\"url\":\"https:\/\/dupmecp2.eu\/gratzlfest-2025\/\",\"name\":\"Gr\u00e4tzlfest\u00a0: Unis pour le MDS au festival de rue d\u2019Ober St. Veit - DupMECP2\",\"isPartOf\":{\"@id\":\"https:\/\/dupmecp2.eu\/#website\"},\"primaryImageOfPage\":{\"@id\":\"https:\/\/dupmecp2.eu\/gratzlfest-2025\/#primaryimage\"},\"image\":{\"@id\":\"https:\/\/dupmecp2.eu\/gratzlfest-2025\/#primaryimage\"},\"thumbnailUrl\":\"https:\/\/dupmecp2.eu\/wp-content\/uploads\/2025\/09\/gratzlfest.jpg\",\"datePublished\":\"2025-06-05T16:20:00+00:00\",\"dateModified\":\"2025-09-04T06:57:03+00:00\",\"description\":\"Ce merveilleux \u00e9v\u00e9nement familial nous a permis de collecter des fonds gr\u00e2ce \u00e0 une tombola pour soutenir les familles touch\u00e9es par le syndrome de duplication du g\u00e8ne MECP2, tout en sensibilisant le public et en partageant notre mission.\",\"breadcrumb\":{\"@id\":\"https:\/\/dupmecp2.eu\/gratzlfest-2025\/#breadcrumb\"},\"inLanguage\":\"en-GB\",\"potentialAction\":[{\"@type\":\"ReadAction\",\"target\":[\"https:\/\/dupmecp2.eu\/gratzlfest-2025\/\"]}]},{\"@type\":\"ImageObject\",\"inLanguage\":\"en-GB\",\"@id\":\"https:\/\/dupmecp2.eu\/gratzlfest-2025\/#primaryimage\",\"url\":\"https:\/\/dupmecp2.eu\/wp-content\/uploads\/2025\/09\/gratzlfest.jpg\",\"contentUrl\":\"https:\/\/dupmecp2.eu\/wp-content\/uploads\/2025\/09\/gratzlfest.jpg\",\"width\":1080,\"height\":1080},{\"@type\":\"BreadcrumbList\",\"@id\":\"https:\/\/dupmecp2.eu\/gratzlfest-2025\/#breadcrumb\",\"itemListElement\":[{\"@type\":\"ListItem\",\"position\":1,\"name\":\"Accueil\",\"item\":\"https:\/\/dupmecp2.eu\/\"},{\"@type\":\"ListItem\",\"position\":2,\"name\":\"\u00c9v\u00e9nements pass\u00e9s\",\"item\":\"https:\/\/dupmecp2.eu\/category\/evenements\/?lang=fr\"},{\"@type\":\"ListItem\",\"position\":3,\"name\":\"Gr\u00e4tzlfest\u00a0: Unis pour le MDS au festival de rue d\u2019Ober St. Veit\"}]},{\"@type\":\"WebSite\",\"@id\":\"https:\/\/dupmecp2.eu\/#website\",\"url\":\"https:\/\/dupmecp2.eu\/\",\"name\":\"DupMECP2\",\"description\":\"EU\",\"publisher\":{\"@id\":\"https:\/\/dupmecp2.eu\/#organization\"},\"potentialAction\":[{\"@type\":\"SearchAction\",\"target\":{\"@type\":\"EntryPoint\",\"urlTemplate\":\"https:\/\/dupmecp2.eu\/?s={search_term_string}\"},\"query-input\":{\"@type\":\"PropertyValueSpecification\",\"valueRequired\":true,\"valueName\":\"search_term_string\"}}],\"inLanguage\":\"en-GB\"},{\"@type\":\"Organization\",\"@id\":\"https:\/\/dupmecp2.eu\/#organization\",\"name\":\"DupMECP2\",\"url\":\"https:\/\/dupmecp2.eu\/\",\"logo\":{\"@type\":\"ImageObject\",\"inLanguage\":\"en-GB\",\"@id\":\"https:\/\/dupmecp2.eu\/#\/schema\/logo\/image\/\",\"url\":\"\",\"contentUrl\":\"\",\"caption\":\"DupMECP2\"},\"image\":{\"@id\":\"https:\/\/dupmecp2.eu\/#\/schema\/logo\/image\/\"}},{\"@type\":\"Person\",\"@id\":\"https:\/\/dupmecp2.eu\/#\/schema\/person\/b41e8cbba153cd974ee340386af279ee\",\"name\":\"Caroline\",\"sameAs\":[\"https:\/\/dupmecp2.eu\"],\"url\":\"https:\/\/dupmecp2.eu\/en\/author\/417a2385dc37aa45\/\"}]}<\/script>\n<!-- \/ Yoast SEO plugin. -->","yoast_head_json":{"title":"Coming Together for MDS at the Ober St. Veit Street Festival - DupMECP2","description":"This wonderful family event gave us the chance to raise funds through a tombola to support families affected by MDS, while also raising awareness about MECP2 Duplication Syndrome and sharing our mission.","robots":{"index":"index","follow":"follow","max-snippet":"max-snippet:-1","max-image-preview":"max-image-preview:large","max-video-preview":"max-video-preview:-1"},"canonical":"https:\/\/dupmecp2.eu\/en\/graetzlfest-2025\/","og_locale":"en_GB","og_type":"article","og_title":"Gr\u00e4tzlfest\u00a0: Unis pour le MDS au festival de rue d\u2019Ober St. Veit - DupMECP2","og_description":"Ce merveilleux \u00e9v\u00e9nement familial nous a permis de collecter des fonds gr\u00e2ce \u00e0 une tombola pour soutenir les familles touch\u00e9es par le syndrome de duplication du g\u00e8ne MECP2, tout en sensibilisant le public et en partageant notre mission.","og_url":"https:\/\/dupmecp2.eu\/en\/graetzlfest-2025\/","og_site_name":"DupMECP2","article_published_time":"2025-06-05T16:20:00+00:00","article_modified_time":"2025-09-04T06:57:03+00:00","og_image":[{"width":1080,"height":1080,"url":"https:\/\/dupmecp2.eu\/wp-content\/uploads\/2025\/09\/gratzlfest.jpg","type":"image\/jpeg"}],"author":"Caroline","twitter_card":"summary_large_image","twitter_misc":{"Written by":"Caroline","Estimated reading time":"2 minutes"},"schema":{"@context":"https:\/\/schema.org","@graph":[{"@type":"Article","@id":"https:\/\/dupmecp2.eu\/gratzlfest-2025\/#article","isPartOf":{"@id":"https:\/\/dupmecp2.eu\/gratzlfest-2025\/"},"author":{"name":"Caroline","@id":"https:\/\/dupmecp2.eu\/#\/schema\/person\/b41e8cbba153cd974ee340386af279ee"},"headline":"Gr\u00e4tzlfest\u00a0: Unis pour le MDS au festival de rue d\u2019Ober St. Veit","datePublished":"2025-06-05T16:20:00+00:00","dateModified":"2025-09-04T06:57:03+00:00","mainEntityOfPage":{"@id":"https:\/\/dupmecp2.eu\/gratzlfest-2025\/"},"wordCount":158,"publisher":{"@id":"https:\/\/dupmecp2.eu\/#organization"},"image":{"@id":"https:\/\/dupmecp2.eu\/gratzlfest-2025\/#primaryimage"},"thumbnailUrl":"https:\/\/dupmecp2.eu\/wp-content\/uploads\/2025\/09\/gratzlfest.jpg","articleSection":["\u00c9v\u00e9nements pass\u00e9s"],"inLanguage":"en-GB"},{"@type":"WebPage","@id":"https:\/\/dupmecp2.eu\/gratzlfest-2025\/","url":"https:\/\/dupmecp2.eu\/gratzlfest-2025\/","name":"Coming Together for MDS at the Ober St. Veit Street Festival - DupMECP2","isPartOf":{"@id":"https:\/\/dupmecp2.eu\/#website"},"primaryImageOfPage":{"@id":"https:\/\/dupmecp2.eu\/gratzlfest-2025\/#primaryimage"},"image":{"@id":"https:\/\/dupmecp2.eu\/gratzlfest-2025\/#primaryimage"},"thumbnailUrl":"https:\/\/dupmecp2.eu\/wp-content\/uploads\/2025\/09\/gratzlfest.jpg","datePublished":"2025-06-05T16:20:00+00:00","dateModified":"2025-09-04T06:57:03+00:00","description":"This wonderful family event gave us the chance to raise funds through a tombola to support families affected by MDS, while also raising awareness about MECP2 Duplication Syndrome and sharing our mission.","breadcrumb":{"@id":"https:\/\/dupmecp2.eu\/gratzlfest-2025\/#breadcrumb"},"inLanguage":"en-GB","potentialAction":[{"@type":"ReadAction","target":["https:\/\/dupmecp2.eu\/gratzlfest-2025\/"]}]},{"@type":"ImageObject","inLanguage":"en-GB","@id":"https:\/\/dupmecp2.eu\/gratzlfest-2025\/#primaryimage","url":"https:\/\/dupmecp2.eu\/wp-content\/uploads\/2025\/09\/gratzlfest.jpg","contentUrl":"https:\/\/dupmecp2.eu\/wp-content\/uploads\/2025\/09\/gratzlfest.jpg","width":1080,"height":1080},{"@type":"BreadcrumbList","@id":"https:\/\/dupmecp2.eu\/gratzlfest-2025\/#breadcrumb","itemListElement":[{"@type":"ListItem","position":1,"name":"Accueil","item":"https:\/\/dupmecp2.eu\/"},{"@type":"ListItem","position":2,"name":"\u00c9v\u00e9nements pass\u00e9s","item":"https:\/\/dupmecp2.eu\/category\/evenements\/?lang=fr"},{"@type":"ListItem","position":3,"name":"Gr\u00e4tzlfest\u00a0: Unis pour le MDS au festival de rue d\u2019Ober St. Veit"}]},{"@type":"WebSite","@id":"https:\/\/dupmecp2.eu\/#website","url":"https:\/\/dupmecp2.eu\/","name":"DupMECP2","description":"EU","publisher":{"@id":"https:\/\/dupmecp2.eu\/#organization"},"potentialAction":[{"@type":"SearchAction","target":{"@type":"EntryPoint","urlTemplate":"https:\/\/dupmecp2.eu\/?s={search_term_string}"},"query-input":{"@type":"PropertyValueSpecification","valueRequired":true,"valueName":"search_term_string"}}],"inLanguage":"en-GB"},{"@type":"Organization","@id":"https:\/\/dupmecp2.eu\/#organization","name":"DupMECP2","url":"https:\/\/dupmecp2.eu\/","logo":{"@type":"ImageObject","inLanguage":"en-GB","@id":"https:\/\/dupmecp2.eu\/#\/schema\/logo\/image\/","url":"","contentUrl":"","caption":"DupMECP2"},"image":{"@id":"https:\/\/dupmecp2.eu\/#\/schema\/logo\/image\/"}},{"@type":"Person","@id":"https:\/\/dupmecp2.eu\/#\/schema\/person\/b41e8cbba153cd974ee340386af279ee","name":"Caroline","sameAs":["https:\/\/dupmecp2.eu"],"url":"https:\/\/dupmecp2.eu\/en\/author\/417a2385dc37aa45\/"}]}},"_links":{"self":[{"href":"https:\/\/dupmecp2.eu\/en\/wp-json\/wp\/v2\/posts\/33470","targetHints":{"allow":["GET"]}}],"collection":[{"href":"https:\/\/dupmecp2.eu\/en\/wp-json\/wp\/v2\/posts"}],"about":[{"href":"https:\/\/dupmecp2.eu\/en\/wp-json\/wp\/v2\/types\/post"}],"author":[{"embeddable":true,"href":"https:\/\/dupmecp2.eu\/en\/wp-json\/wp\/v2\/users\/1"}],"replies":[{"embeddable":true,"href":"https:\/\/dupmecp2.eu\/en\/wp-json\/wp\/v2\/comments?post=33470"}],"version-history":[{"count":2,"href":"https:\/\/dupmecp2.eu\/en\/wp-json\/wp\/v2\/posts\/33470\/revisions"}],"predecessor-version":[{"id":33478,"href":"https:\/\/dupmecp2.eu\/en\/wp-json\/wp\/v2\/posts\/33470\/revisions\/33478"}],"wp:featuredmedia":[{"embeddable":true,"href":"https:\/\/dupmecp2.eu\/en\/wp-json\/wp\/v2\/media\/33471"}],"wp:attachment":[{"href":"https:\/\/dupmecp2.eu\/en\/wp-json\/wp\/v2\/media?parent=33470"}],"wp:term":[{"taxonomy":"category","embeddable":true,"href":"https:\/\/dupmecp2.eu\/en\/wp-json\/wp\/v2\/categories?post=33470"},{"taxonomy":"post_tag","embeddable":true,"href":"https:\/\/dupmecp2.eu\/en\/wp-json\/wp\/v2\/tags?post=33470"}],"curies":[{"name":"wp","href":"https:\/\/api.w.org\/{rel}","templated":true}]}}