{"id":1650,"date":"2022-06-14T20:42:45","date_gmt":"2022-06-14T20:42:45","guid":{"rendered":"http:\/\/carola.wwwnl1-sr12.supercp.com\/?p=1650"},"modified":"2022-11-19T14:01:30","modified_gmt":"2022-11-19T14:01:30","slug":"article-kronen-zeitung","status":"publish","type":"post","link":"https:\/\/dupmecp2.eu\/es\/article-kronen-zeitung\/","title":{"rendered":"El s\u00edndrome de duplicaci\u00f3n del gen MECP2 aparece en un peri\u00f3dico austriaco (Kronen Zeitung)"},"content":{"rendered":"<p>Matteo, que padece el s\u00edndrome de duplicaci\u00f3n del gen MECP2, apareci\u00f3 en el diario austriaco Kronen Zeitung (Anja Richter). <\/p>\n\n\n\n<p>Retrouvez ici la traduction (Traduit de l&rsquo;allemand par Karyn Lebescont) <\/p>\n\n\n\n<p><strong>UN GARCON DE 4 ANS AVEC UN DEFAUT GENETIQUE<\/strong><\/p>\n\n\n\n<p>\u00ab\u00a0Les pronostics d\u2019avenir pour notre enfant nous font peur\u00a0\u00bb<\/p>\n\n\n\n<p>Un article d&rsquo;Anja Richter pour le Kronen Zeitung. Le 30.05.2022<\/p>\n\n\n\n<figure class=\"wp-block-image size-full\"><img fetchpriority=\"high\" decoding=\"async\" width=\"630\" height=\"356\" src=\"https:\/\/dupmecp2.eu\/wp-content\/uploads\/2022\/10\/630x356-1.jpg\" alt=\"\" class=\"wp-image-7839\" srcset=\"https:\/\/dupmecp2.eu\/wp-content\/uploads\/2022\/10\/630x356-1.jpg 630w, https:\/\/dupmecp2.eu\/wp-content\/uploads\/2022\/10\/630x356-1-300x170.jpg 300w\" sizes=\"(max-width: 630px) 100vw, 630px\" \/><figcaption class=\"wp-element-caption\">(Foto: Martin A. J\u00f6chl, Krone KREATIV)<\/figcaption><\/figure>\n\n\n\n<p>Pendant trois ans et demi, les parents de Matteo ont tourn\u00e9 en rond. Ce n&rsquo;est qu&rsquo;au terme de cette p\u00e9riode que le diagnostic bouleversant est tomb\u00e9. Ce couple de chimistes engag\u00e9s souhaite \u00e9pargner de tels parcours du combattant \u00e0 d&rsquo;autres familles.<\/p>\n\n\n\n<p>Lorsque Matteo est n\u00e9 en mai 2018, les m\u00e9decins ont affirm\u00e9 que tout allait bien pour le petit gar\u00e7on. M\u00eame lorsque de nombreuses infections l&rsquo;ont conduit \u00e0 l&rsquo;h\u00f4pital au cours de la premi\u00e8re ann\u00e9e de sa vie, on disait aux parents de ne pas s&rsquo;inqui\u00e9ter. Et m\u00eame lorsque le gar\u00e7on n&rsquo;a commenc\u00e9 \u00e0 marcher qu&rsquo;\u00e0 28 mois, on leur a dit : \u00ab\u00a0C&rsquo;est juste qu&rsquo;il est un peu en retard\u00a0\u00bb. Pourtant, David et Caroline C. sentaient depuis longtemps que quelque chose n&rsquo;allait pas chez leur fils. Mais quoi ?<\/p>\n\n\n\n<p><strong>Seuls deux cas de cette maladie enregistr\u00e9s en Autriche<\/strong><\/p>\n\n\n\n<p>Commence alors un parcours du combattant chez des dizaines de m\u00e9decins. En ao\u00fbt 2021, trois ans et demi apr\u00e8s la naissance de Matteo, les parents re\u00e7oivent le diagnostic bouleversant de l&rsquo;Institut de g\u00e9n\u00e9tique de MedUni Vienne. Le petit gar\u00e7on de quatre ans est l&rsquo;un des deux seuls enfants autrichiens \u00e0 souffrir du d\u00e9faut g\u00e9n\u00e9tique rare MECP2. Dans le monde entier, seuls 215 cas de cette maladie, similaire au syndrome de Rett, mais touchant principalement les gar\u00e7ons, ont \u00e9t\u00e9 enregistr\u00e9s.<\/p>\n\n\n\n<figure class=\"wp-block-image size-full\"><img decoding=\"async\" width=\"630\" height=\"356\" data-src=\"https:\/\/dupmecp2.eu\/wp-content\/uploads\/2022\/10\/630x356.jpg\" alt=\"\" class=\"wp-image-7842 lazyload\" data-srcset=\"https:\/\/dupmecp2.eu\/wp-content\/uploads\/2022\/10\/630x356.jpg 630w, https:\/\/dupmecp2.eu\/wp-content\/uploads\/2022\/10\/630x356-300x170.jpg 300w\" data-sizes=\"(max-width: 630px) 100vw, 630px\" src=\"data:image\/svg+xml;base64,PHN2ZyB3aWR0aD0iMSIgaGVpZ2h0PSIxIiB4bWxucz0iaHR0cDovL3d3dy53My5vcmcvMjAwMC9zdmciPjwvc3ZnPg==\" style=\"--smush-placeholder-width: 630px; --smush-placeholder-aspect-ratio: 630\/356;\" \/><figcaption class=\"wp-element-caption\">(Foto: Martin A. J\u00f6chl, Krone KREATIV)<\/figcaption><\/figure>\n\n\n\n<p><strong>Matteo peut prononcer quelques mots et marcher. Mais cela restera-t-il ainsi ?<\/strong><\/p>\n\n\n\n<p>\u00ab\u00a0Chez Matteo une prot\u00e9ine du cerveau qui contr\u00f4le d&rsquo;autres prot\u00e9ines est pr\u00e9sente deux fois. Ce qui se r\u00e9percute aussi bien sur son d\u00e9veloppement intellectuel que physique\u00a0\u00bb, raconte sa maman Caroline lors d&rsquo;une rencontre avec la \u00ab\u00a0Krone\u00a0\u00bb dans un parc viennois. \u00ab\u00a0Il ne comprend pas et ne ressent pas tout, il ne peut prononcer que quelques mots\u00a0\u00bb, raconte-t-elle.<\/p>\n\n\n\n<p>\u00ab\u00a0Mais le plus effrayant, ce sont les pronostics d\u2019avenir pour notre enfant. Car 50 pour cent des enfants concern\u00e9s font des crises d&rsquo;\u00e9pilepsie lorsqu\u2019ils sont en \u00e2ge d\u2019aller \u00e0 l&rsquo;\u00e9cole primaire et ne retrouvent ensuite que peu \u00e0 peu les capacit\u00e9s qu&rsquo;ils avaient acquises avant\u00a0\u00bb, explique la chimiste originaire de Paris. Seule la moiti\u00e9 des personnes concern\u00e9es sont encore en vie pour leur 25e anniversaire.<\/p>\n\n\n\n<figure class=\"wp-block-image size-full\"><img decoding=\"async\" width=\"630\" height=\"356\" data-src=\"https:\/\/dupmecp2.eu\/wp-content\/uploads\/2022\/10\/630x356-3.jpg\" alt=\"\" class=\"wp-image-7846 lazyload\" data-srcset=\"https:\/\/dupmecp2.eu\/wp-content\/uploads\/2022\/10\/630x356-3.jpg 630w, https:\/\/dupmecp2.eu\/wp-content\/uploads\/2022\/10\/630x356-3-300x170.jpg 300w\" data-sizes=\"(max-width: 630px) 100vw, 630px\" src=\"data:image\/svg+xml;base64,PHN2ZyB3aWR0aD0iMSIgaGVpZ2h0PSIxIiB4bWxucz0iaHR0cDovL3d3dy53My5vcmcvMjAwMC9zdmciPjwvc3ZnPg==\" style=\"--smush-placeholder-width: 630px; --smush-placeholder-aspect-ratio: 630\/356;\" \/><figcaption class=\"wp-element-caption\">(Foto: Martin A. J\u00f6chl, Krone KREATIV)<\/figcaption><\/figure>\n\n\n\n<p><strong>Une famille laiss\u00e9e seule face au diagnostic<\/strong><\/p>\n\n\n\n<p>\u00ab\u00a0Nous ne voulons m\u00eame pas l&rsquo;imaginer\u00a0\u00bb, dit le papa de Matteo, qui est \u00e9galement chimiste et occupe un poste \u00e0 responsabilit\u00e9 \u00e0 Vienne. Ce qui pr\u00e9occupe ce quadrag\u00e9naire, c&rsquo;est la mani\u00e8re dont les familles sont confront\u00e9es \u00e0 des diagnostics aussi terribles : \u00ab\u00a0En tant que scientifiques, nous comprenons \u00e0 peu pr\u00e8s ce que les m\u00e9decins nous disent. Mais comment doivent se sentir les autres parents lorsque tous ces termes techniques compliqu\u00e9s leur tombent dessus sans explications ?\u00a0\u00bb<\/p>\n\n\n\n<p><strong>Les parents essaient d\u2019agir pour am\u00e9liorer le syst\u00e8me<\/strong><\/p>\n\n\n\n<p>Les parents, qui disposent d\u00e9sormais d&rsquo;un bon r\u00e9seau international, se battent pour am\u00e9liorer le syst\u00e8me. Non seulement pour leur fils, mais pour toutes les familles concern\u00e9es : \u00ab\u00a0Les parents ont besoin d&rsquo;un meilleur soutien, par exemple d&rsquo;une assistance psychologique. Mais aussi d\u2019aide pour tout ce qui touche \u00e0 la r\u00e9\u00e9ducation, aux structures d&rsquo;accueil de jour et bien d&rsquo;autres choses encore\u00a0\u00bb.<\/p>\n\n\n\n<p>Matteo a obtenu l&rsquo;une des rares places au jardin d&rsquo;enfants pour enfants handicap\u00e9s \u00e0 Vienne et fr\u00e9quente l&rsquo;\u00e9cole Karl Schubert \u00e0 Liesing. \u00ab\u00a0Il y a 40 enfants sur la liste d&rsquo;attente. L\u00e0 aussi, il est urgent d&rsquo;agir\u00a0\u00bb, le couple s&rsquo;engage \u00e9galement pour que les parents d&rsquo;enfants handicap\u00e9s ne soient pas oblig\u00e9s de quitter leur emploi face au manque de places d&rsquo;accueil et tombent ainsi dans la spirale de la pauvret\u00e9.<\/p>\n\n\n\n<p><strong>Le lien avec la s\u0153ur de six ans est fortement perceptible<\/strong><\/p>\n\n\n\n<p>La fa\u00e7on dont la famille C. g\u00e8re sa vie est admirable ! Et trouve sa meilleure expression dans les yeux heureux de leur fils qui, lors de la rencontre avec la \u00ab\u00a0Krone\u00a0\u00bb, montre \u00e0 plusieurs reprises son jouet en souriant et en lan\u00e7ant \u00ab\u00a0bateau\u00a0\u00bb. On ressent \u00e9galement bien le lien avec sa s\u0153ur Nyssa, \u00e2g\u00e9e de six ans. Caroline, la maman, sourit lorsqu&rsquo;elle parle d&rsquo;eux : \u00ab\u00a0Nyssa est incroyablement affectueuse avec Matteo et s&rsquo;inqui\u00e8te pour lui. Nous avons l&rsquo;impression qu&rsquo;elle comprend parfois mieux que nous ce dont il a besoin \u00e0 un moment donn\u00e9\u00a0\u00bb.<\/p>\n\n\n\n<p><strong>Projet de recherche sur MECP2<\/strong><\/p>\n\n\n\n<p>Vous souhaitez en savoir plus sur Matteo ou soutenir la recherche sur sa maladie g\u00e9n\u00e9tique rare ? Contactez ses parents via :<\/p>\n\n\n\n<p>Le compte Instagram de Matteo : matteo_mds Par email : matteo_mds@gmx.net<\/p>\n\n\n\n<p>Pour soutenir les activit\u00e9s avec les enfants \u00e0 l&rsquo;\u00e9cole de Matteo : association de l&rsquo;\u00e9cole Karl Schubert (IBAN : AT83 1100 0006 6197 9500, BIC : BKAUATWW)<\/p>","protected":false},"excerpt":{"rendered":"<p>Matteo atteint du syndrome de la duplication du g\u00e8ne MECP2 apparait dans le Kronen Zeitung, un journal autrichien (Anja Richter). Retrouvez ici la traduction (Traduit de l&rsquo;allemand par Karyn Lebescont) [&hellip;]<\/p>","protected":false},"author":1,"featured_media":1531,"comment_status":"closed","ping_status":"closed","sticky":false,"template":"","format":"standard","meta":{"footnotes":""},"categories":[45],"tags":[],"class_list":["post-1650","post","type-post","status-publish","format-standard","has-post-thumbnail","hentry","category-medias"],"yoast_head":"<!-- This site is optimized with the Yoast SEO plugin v25.8 - https:\/\/yoast.com\/wordpress\/plugins\/seo\/ -->\n<title>Le syndrome de duplication du g\u00e8ne MECP2 apparait dans un journal autrichien (Kronen Zeitung) - DupMECP2<\/title>\n<meta name=\"robots\" content=\"index, follow, max-snippet:-1, max-image-preview:large, max-video-preview:-1\" \/>\n<link rel=\"canonical\" href=\"https:\/\/dupmecp2.eu\/es\/el-sindrome-de-duplicacion-mecp2-aparece-en-el-periodico-austriaco-kronen-zeitung\/?lang=en\" \/>\n<meta property=\"og:locale\" content=\"es_ES\" \/>\n<meta property=\"og:type\" content=\"article\" \/>\n<meta property=\"og:title\" content=\"Le syndrome de duplication du g\u00e8ne MECP2 apparait dans un journal autrichien (Kronen Zeitung) - DupMECP2\" \/>\n<meta property=\"og:description\" content=\"Matteo atteint du syndrome de la duplication du g\u00e8ne MECP2 apparait dans le Kronen Zeitung, un journal autrichien (Anja Richter). Retrouvez ici la traduction (Traduit de l&rsquo;allemand par Karyn Lebescont) [&hellip;]\" \/>\n<meta property=\"og:url\" content=\"https:\/\/dupmecp2.eu\/es\/el-sindrome-de-duplicacion-mecp2-aparece-en-el-periodico-austriaco-kronen-zeitung\/?lang=en\" \/>\n<meta property=\"og:site_name\" content=\"DupMECP2\" \/>\n<meta property=\"article:published_time\" content=\"2022-06-14T20:42:45+00:00\" \/>\n<meta property=\"article:modified_time\" content=\"2022-11-19T14:01:30+00:00\" \/>\n<meta property=\"og:image\" content=\"https:\/\/dupmecp2.eu\/wp-content\/uploads\/2022\/06\/Screen-Shot-2022-06-12-at-12.50.34-PM-e1658323119765.jpg\" \/>\n\t<meta property=\"og:image:width\" content=\"828\" \/>\n\t<meta property=\"og:image:height\" content=\"699\" \/>\n\t<meta property=\"og:image:type\" content=\"image\/jpeg\" \/>\n<meta name=\"author\" content=\"Caroline\" \/>\n<meta name=\"twitter:card\" content=\"summary_large_image\" \/>\n<meta name=\"twitter:label1\" content=\"Escrito por\" \/>\n\t<meta name=\"twitter:data1\" content=\"Caroline\" \/>\n\t<meta name=\"twitter:label2\" content=\"Tiempo de lectura\" \/>\n\t<meta name=\"twitter:data2\" content=\"5 minutos\" \/>\n<script type=\"application\/ld+json\" class=\"yoast-schema-graph\">{\"@context\":\"https:\/\/schema.org\",\"@graph\":[{\"@type\":\"Article\",\"@id\":\"https:\/\/dupmecp2.eu\/mecp2-duplication-syndrome-appears-in-the-kronen-zeitung-austrian-newspaper\/?lang=en#article\",\"isPartOf\":{\"@id\":\"https:\/\/dupmecp2.eu\/mecp2-duplication-syndrome-appears-in-the-kronen-zeitung-austrian-newspaper\/?lang=en\"},\"author\":{\"name\":\"Caroline\",\"@id\":\"https:\/\/dupmecp2.eu\/#\/schema\/person\/b41e8cbba153cd974ee340386af279ee\"},\"headline\":\"Le syndrome de duplication du g\u00e8ne MECP2 apparait dans un journal autrichien (Kronen Zeitung)\",\"datePublished\":\"2022-06-14T20:42:45+00:00\",\"dateModified\":\"2022-11-19T14:01:30+00:00\",\"mainEntityOfPage\":{\"@id\":\"https:\/\/dupmecp2.eu\/mecp2-duplication-syndrome-appears-in-the-kronen-zeitung-austrian-newspaper\/?lang=en\"},\"wordCount\":875,\"publisher\":{\"@id\":\"https:\/\/dupmecp2.eu\/#organization\"},\"image\":{\"@id\":\"https:\/\/dupmecp2.eu\/mecp2-duplication-syndrome-appears-in-the-kronen-zeitung-austrian-newspaper\/?lang=en#primaryimage\"},\"thumbnailUrl\":\"https:\/\/dupmecp2.eu\/wp-content\/uploads\/2022\/06\/Screen-Shot-2022-06-12-at-12.50.34-PM-e1658323119765.jpg\",\"articleSection\":[\"M\u00e9dias\"],\"inLanguage\":\"es\"},{\"@type\":\"WebPage\",\"@id\":\"https:\/\/dupmecp2.eu\/mecp2-duplication-syndrome-appears-in-the-kronen-zeitung-austrian-newspaper\/?lang=en\",\"url\":\"https:\/\/dupmecp2.eu\/mecp2-duplication-syndrome-appears-in-the-kronen-zeitung-austrian-newspaper\/?lang=en\",\"name\":\"Le syndrome de duplication du g\u00e8ne MECP2 apparait dans un journal autrichien (Kronen Zeitung) - DupMECP2\",\"isPartOf\":{\"@id\":\"https:\/\/dupmecp2.eu\/#website\"},\"primaryImageOfPage\":{\"@id\":\"https:\/\/dupmecp2.eu\/mecp2-duplication-syndrome-appears-in-the-kronen-zeitung-austrian-newspaper\/?lang=en#primaryimage\"},\"image\":{\"@id\":\"https:\/\/dupmecp2.eu\/mecp2-duplication-syndrome-appears-in-the-kronen-zeitung-austrian-newspaper\/?lang=en#primaryimage\"},\"thumbnailUrl\":\"https:\/\/dupmecp2.eu\/wp-content\/uploads\/2022\/06\/Screen-Shot-2022-06-12-at-12.50.34-PM-e1658323119765.jpg\",\"datePublished\":\"2022-06-14T20:42:45+00:00\",\"dateModified\":\"2022-11-19T14:01:30+00:00\",\"breadcrumb\":{\"@id\":\"https:\/\/dupmecp2.eu\/mecp2-duplication-syndrome-appears-in-the-kronen-zeitung-austrian-newspaper\/?lang=en#breadcrumb\"},\"inLanguage\":\"es\",\"potentialAction\":[{\"@type\":\"ReadAction\",\"target\":[\"https:\/\/dupmecp2.eu\/mecp2-duplication-syndrome-appears-in-the-kronen-zeitung-austrian-newspaper\/?lang=en\"]}]},{\"@type\":\"ImageObject\",\"inLanguage\":\"es\",\"@id\":\"https:\/\/dupmecp2.eu\/mecp2-duplication-syndrome-appears-in-the-kronen-zeitung-austrian-newspaper\/?lang=en#primaryimage\",\"url\":\"https:\/\/dupmecp2.eu\/wp-content\/uploads\/2022\/06\/Screen-Shot-2022-06-12-at-12.50.34-PM-e1658323119765.jpg\",\"contentUrl\":\"https:\/\/dupmecp2.eu\/wp-content\/uploads\/2022\/06\/Screen-Shot-2022-06-12-at-12.50.34-PM-e1658323119765.jpg\",\"width\":828,\"height\":699},{\"@type\":\"BreadcrumbList\",\"@id\":\"https:\/\/dupmecp2.eu\/mecp2-duplication-syndrome-appears-in-the-kronen-zeitung-austrian-newspaper\/?lang=en#breadcrumb\",\"itemListElement\":[{\"@type\":\"ListItem\",\"position\":1,\"name\":\"Accueil\",\"item\":\"https:\/\/dupmecp2.eu\/\"},{\"@type\":\"ListItem\",\"position\":2,\"name\":\"Medias\",\"item\":\"https:\/\/dupmecp2.eu\/category\/medias-en\/?lang=en\"},{\"@type\":\"ListItem\",\"position\":3,\"name\":\"Le syndrome de duplication du g\u00e8ne MECP2 apparait dans un journal autrichien (Kronen Zeitung)\"}]},{\"@type\":\"WebSite\",\"@id\":\"https:\/\/dupmecp2.eu\/#website\",\"url\":\"https:\/\/dupmecp2.eu\/\",\"name\":\"DupMECP2\",\"description\":\"EU\",\"publisher\":{\"@id\":\"https:\/\/dupmecp2.eu\/#organization\"},\"potentialAction\":[{\"@type\":\"SearchAction\",\"target\":{\"@type\":\"EntryPoint\",\"urlTemplate\":\"https:\/\/dupmecp2.eu\/?s={search_term_string}\"},\"query-input\":{\"@type\":\"PropertyValueSpecification\",\"valueRequired\":true,\"valueName\":\"search_term_string\"}}],\"inLanguage\":\"es\"},{\"@type\":\"Organization\",\"@id\":\"https:\/\/dupmecp2.eu\/#organization\",\"name\":\"DupMECP2\",\"url\":\"https:\/\/dupmecp2.eu\/\",\"logo\":{\"@type\":\"ImageObject\",\"inLanguage\":\"es\",\"@id\":\"https:\/\/dupmecp2.eu\/#\/schema\/logo\/image\/\",\"url\":\"\",\"contentUrl\":\"\",\"caption\":\"DupMECP2\"},\"image\":{\"@id\":\"https:\/\/dupmecp2.eu\/#\/schema\/logo\/image\/\"}},{\"@type\":\"Person\",\"@id\":\"https:\/\/dupmecp2.eu\/#\/schema\/person\/b41e8cbba153cd974ee340386af279ee\",\"name\":\"Caroline\",\"sameAs\":[\"https:\/\/dupmecp2.eu\"],\"url\":\"https:\/\/dupmecp2.eu\/es\/author\/417a2385dc37aa45\/\"}]}<\/script>\n<!-- \/ Yoast SEO plugin. -->","yoast_head_json":{"title":"Le syndrome de duplication du g\u00e8ne MECP2 apparait dans un journal autrichien (Kronen Zeitung) - DupMECP2","robots":{"index":"index","follow":"follow","max-snippet":"max-snippet:-1","max-image-preview":"max-image-preview:large","max-video-preview":"max-video-preview:-1"},"canonical":"https:\/\/dupmecp2.eu\/es\/el-sindrome-de-duplicacion-mecp2-aparece-en-el-periodico-austriaco-kronen-zeitung\/?lang=en","og_locale":"es_ES","og_type":"article","og_title":"Le syndrome de duplication du g\u00e8ne MECP2 apparait dans un journal autrichien (Kronen Zeitung) - DupMECP2","og_description":"Matteo atteint du syndrome de la duplication du g\u00e8ne MECP2 apparait dans le Kronen Zeitung, un journal autrichien (Anja Richter). Retrouvez ici la traduction (Traduit de l&rsquo;allemand par Karyn Lebescont) [&hellip;]","og_url":"https:\/\/dupmecp2.eu\/es\/el-sindrome-de-duplicacion-mecp2-aparece-en-el-periodico-austriaco-kronen-zeitung\/?lang=en","og_site_name":"DupMECP2","article_published_time":"2022-06-14T20:42:45+00:00","article_modified_time":"2022-11-19T14:01:30+00:00","og_image":[{"width":828,"height":699,"url":"https:\/\/dupmecp2.eu\/wp-content\/uploads\/2022\/06\/Screen-Shot-2022-06-12-at-12.50.34-PM-e1658323119765.jpg","type":"image\/jpeg"}],"author":"Caroline","twitter_card":"summary_large_image","twitter_misc":{"Escrito por":"Caroline","Tiempo de lectura":"5 minutos"},"schema":{"@context":"https:\/\/schema.org","@graph":[{"@type":"Article","@id":"https:\/\/dupmecp2.eu\/mecp2-duplication-syndrome-appears-in-the-kronen-zeitung-austrian-newspaper\/?lang=en#article","isPartOf":{"@id":"https:\/\/dupmecp2.eu\/mecp2-duplication-syndrome-appears-in-the-kronen-zeitung-austrian-newspaper\/?lang=en"},"author":{"name":"Caroline","@id":"https:\/\/dupmecp2.eu\/#\/schema\/person\/b41e8cbba153cd974ee340386af279ee"},"headline":"Le syndrome de duplication du g\u00e8ne MECP2 apparait dans un journal autrichien (Kronen Zeitung)","datePublished":"2022-06-14T20:42:45+00:00","dateModified":"2022-11-19T14:01:30+00:00","mainEntityOfPage":{"@id":"https:\/\/dupmecp2.eu\/mecp2-duplication-syndrome-appears-in-the-kronen-zeitung-austrian-newspaper\/?lang=en"},"wordCount":875,"publisher":{"@id":"https:\/\/dupmecp2.eu\/#organization"},"image":{"@id":"https:\/\/dupmecp2.eu\/mecp2-duplication-syndrome-appears-in-the-kronen-zeitung-austrian-newspaper\/?lang=en#primaryimage"},"thumbnailUrl":"https:\/\/dupmecp2.eu\/wp-content\/uploads\/2022\/06\/Screen-Shot-2022-06-12-at-12.50.34-PM-e1658323119765.jpg","articleSection":["M\u00e9dias"],"inLanguage":"es"},{"@type":"WebPage","@id":"https:\/\/dupmecp2.eu\/mecp2-duplication-syndrome-appears-in-the-kronen-zeitung-austrian-newspaper\/?lang=en","url":"https:\/\/dupmecp2.eu\/mecp2-duplication-syndrome-appears-in-the-kronen-zeitung-austrian-newspaper\/?lang=en","name":"Le syndrome de duplication du g\u00e8ne MECP2 apparait dans un journal autrichien (Kronen Zeitung) - DupMECP2","isPartOf":{"@id":"https:\/\/dupmecp2.eu\/#website"},"primaryImageOfPage":{"@id":"https:\/\/dupmecp2.eu\/mecp2-duplication-syndrome-appears-in-the-kronen-zeitung-austrian-newspaper\/?lang=en#primaryimage"},"image":{"@id":"https:\/\/dupmecp2.eu\/mecp2-duplication-syndrome-appears-in-the-kronen-zeitung-austrian-newspaper\/?lang=en#primaryimage"},"thumbnailUrl":"https:\/\/dupmecp2.eu\/wp-content\/uploads\/2022\/06\/Screen-Shot-2022-06-12-at-12.50.34-PM-e1658323119765.jpg","datePublished":"2022-06-14T20:42:45+00:00","dateModified":"2022-11-19T14:01:30+00:00","breadcrumb":{"@id":"https:\/\/dupmecp2.eu\/mecp2-duplication-syndrome-appears-in-the-kronen-zeitung-austrian-newspaper\/?lang=en#breadcrumb"},"inLanguage":"es","potentialAction":[{"@type":"ReadAction","target":["https:\/\/dupmecp2.eu\/mecp2-duplication-syndrome-appears-in-the-kronen-zeitung-austrian-newspaper\/?lang=en"]}]},{"@type":"ImageObject","inLanguage":"es","@id":"https:\/\/dupmecp2.eu\/mecp2-duplication-syndrome-appears-in-the-kronen-zeitung-austrian-newspaper\/?lang=en#primaryimage","url":"https:\/\/dupmecp2.eu\/wp-content\/uploads\/2022\/06\/Screen-Shot-2022-06-12-at-12.50.34-PM-e1658323119765.jpg","contentUrl":"https:\/\/dupmecp2.eu\/wp-content\/uploads\/2022\/06\/Screen-Shot-2022-06-12-at-12.50.34-PM-e1658323119765.jpg","width":828,"height":699},{"@type":"BreadcrumbList","@id":"https:\/\/dupmecp2.eu\/mecp2-duplication-syndrome-appears-in-the-kronen-zeitung-austrian-newspaper\/?lang=en#breadcrumb","itemListElement":[{"@type":"ListItem","position":1,"name":"Accueil","item":"https:\/\/dupmecp2.eu\/"},{"@type":"ListItem","position":2,"name":"Medias","item":"https:\/\/dupmecp2.eu\/category\/medias-en\/?lang=en"},{"@type":"ListItem","position":3,"name":"Le syndrome de duplication du g\u00e8ne MECP2 apparait dans un journal autrichien (Kronen Zeitung)"}]},{"@type":"WebSite","@id":"https:\/\/dupmecp2.eu\/#website","url":"https:\/\/dupmecp2.eu\/","name":"DupMECP2","description":"UE","publisher":{"@id":"https:\/\/dupmecp2.eu\/#organization"},"potentialAction":[{"@type":"SearchAction","target":{"@type":"EntryPoint","urlTemplate":"https:\/\/dupmecp2.eu\/?s={search_term_string}"},"query-input":{"@type":"PropertyValueSpecification","valueRequired":true,"valueName":"search_term_string"}}],"inLanguage":"es"},{"@type":"Organization","@id":"https:\/\/dupmecp2.eu\/#organization","name":"DupMECP2","url":"https:\/\/dupmecp2.eu\/","logo":{"@type":"ImageObject","inLanguage":"es","@id":"https:\/\/dupmecp2.eu\/#\/schema\/logo\/image\/","url":"","contentUrl":"","caption":"DupMECP2"},"image":{"@id":"https:\/\/dupmecp2.eu\/#\/schema\/logo\/image\/"}},{"@type":"Person","@id":"https:\/\/dupmecp2.eu\/#\/schema\/person\/b41e8cbba153cd974ee340386af279ee","name":"Caroline","sameAs":["https:\/\/dupmecp2.eu"],"url":"https:\/\/dupmecp2.eu\/es\/author\/417a2385dc37aa45\/"}]}},"_links":{"self":[{"href":"https:\/\/dupmecp2.eu\/es\/wp-json\/wp\/v2\/posts\/1650","targetHints":{"allow":["GET"]}}],"collection":[{"href":"https:\/\/dupmecp2.eu\/es\/wp-json\/wp\/v2\/posts"}],"about":[{"href":"https:\/\/dupmecp2.eu\/es\/wp-json\/wp\/v2\/types\/post"}],"author":[{"embeddable":true,"href":"https:\/\/dupmecp2.eu\/es\/wp-json\/wp\/v2\/users\/1"}],"replies":[{"embeddable":true,"href":"https:\/\/dupmecp2.eu\/es\/wp-json\/wp\/v2\/comments?post=1650"}],"version-history":[{"count":0,"href":"https:\/\/dupmecp2.eu\/es\/wp-json\/wp\/v2\/posts\/1650\/revisions"}],"wp:featuredmedia":[{"embeddable":true,"href":"https:\/\/dupmecp2.eu\/es\/wp-json\/wp\/v2\/media\/1531"}],"wp:attachment":[{"href":"https:\/\/dupmecp2.eu\/es\/wp-json\/wp\/v2\/media?parent=1650"}],"wp:term":[{"taxonomy":"category","embeddable":true,"href":"https:\/\/dupmecp2.eu\/es\/wp-json\/wp\/v2\/categories?post=1650"},{"taxonomy":"post_tag","embeddable":true,"href":"https:\/\/dupmecp2.eu\/es\/wp-json\/wp\/v2\/tags?post=1650"}],"curies":[{"name":"wp","href":"https:\/\/api.w.org\/{rel}","templated":true}]}}