{"id":33433,"date":"2025-07-27T14:25:18","date_gmt":"2025-07-27T12:25:18","guid":{"rendered":"https:\/\/dupmecp2.eu\/?p=33433"},"modified":"2025-09-04T10:46:54","modified_gmt":"2025-09-04T08:46:54","slug":"lignano-2025","status":"publish","type":"post","link":"https:\/\/dupmecp2.eu\/es\/lignano-2025\/","title":{"rendered":"Semana intensiva en Lignano - Un momento \u00fanico para nuestra familia"},"content":{"rendered":"<div style=\"height:29px\" aria-hidden=\"true\" class=\"wp-block-spacer\"><\/div>\n\n\n\n<figure class=\"wp-block-image size-large\"><img fetchpriority=\"high\" decoding=\"async\" width=\"1920\" height=\"1080\" src=\"https:\/\/dupmecp2.eu\/wp-content\/uploads\/2025\/08\/Curci-Holidays-edited.jpg\" alt=\"\" class=\"wp-image-33436\" srcset=\"https:\/\/dupmecp2.eu\/wp-content\/uploads\/2025\/08\/Curci-Holidays-edited.jpg 1920w, https:\/\/dupmecp2.eu\/wp-content\/uploads\/2025\/08\/Curci-Holidays-edited-300x169.jpg 300w, https:\/\/dupmecp2.eu\/wp-content\/uploads\/2025\/08\/Curci-Holidays-edited-1024x576.jpg 1024w, https:\/\/dupmecp2.eu\/wp-content\/uploads\/2025\/08\/Curci-Holidays-edited-768x432.jpg 768w, https:\/\/dupmecp2.eu\/wp-content\/uploads\/2025\/08\/Curci-Holidays-edited-1536x864.jpg 1536w, https:\/\/dupmecp2.eu\/wp-content\/uploads\/2025\/08\/Curci-Holidays-edited-18x10.jpg 18w\" sizes=\"(max-width: 1920px) 100vw, 1920px\" \/><\/figure>\n\n\n\n<p>Este a\u00f1o, nuestra familia tuvo la oportunidad de participar por primera vez en la Semana Intensiva de Lignano. Fue el Dr. Baumgartner quien nos la recomend\u00f3, y fue realmente una oportunidad inesperada.<\/p>\n\n\n\n<p>Al principio, no sab\u00edamos qu\u00e9 esperar. Pero esta semana ha superado con creces nuestras expectativas. No s\u00f3lo hemos encontrado nuevas fuerzas, sino que tambi\u00e9n hemos aprendido mucho sobre nosotros mismos, como familia y como pareja. Nos enriqueci\u00f3 especialmente el intercambio con otras familias que experimentan retos similares, en un esp\u00edritu de apertura, sinceridad y apoyo mutuo.<\/p>\n\n\n\n<p>Asistieron un total de diez familias de Austria, entre ellas dos familias con hijos afectados por el s\u00edndrome de duplicaci\u00f3n del gen MECP2: nosotros y la familia Covini, que tambi\u00e9n son fundadores de nuestra asociaci\u00f3n. Fue maravilloso vivir juntos este entorno \u00fanico y crear lazos m\u00e1s profundos a nivel personal.<\/p>\n\n\n\n<figure class=\"wp-block-image size-large\"><img decoding=\"async\" width=\"1920\" height=\"1080\" data-src=\"https:\/\/dupmecp2.eu\/wp-content\/uploads\/2025\/08\/Curic-Holidays-1-edited.jpg\" alt=\"\" class=\"wp-image-33438 lazyload\" data-srcset=\"https:\/\/dupmecp2.eu\/wp-content\/uploads\/2025\/08\/Curic-Holidays-1-edited.jpg 1920w, https:\/\/dupmecp2.eu\/wp-content\/uploads\/2025\/08\/Curic-Holidays-1-edited-300x169.jpg 300w, https:\/\/dupmecp2.eu\/wp-content\/uploads\/2025\/08\/Curic-Holidays-1-edited-1024x576.jpg 1024w, https:\/\/dupmecp2.eu\/wp-content\/uploads\/2025\/08\/Curic-Holidays-1-edited-768x432.jpg 768w, https:\/\/dupmecp2.eu\/wp-content\/uploads\/2025\/08\/Curic-Holidays-1-edited-1536x864.jpg 1536w, https:\/\/dupmecp2.eu\/wp-content\/uploads\/2025\/08\/Curic-Holidays-1-edited-18x10.jpg 18w\" data-sizes=\"(max-width: 1920px) 100vw, 1920px\" src=\"data:image\/svg+xml;base64,PHN2ZyB3aWR0aD0iMSIgaGVpZ2h0PSIxIiB4bWxucz0iaHR0cDovL3d3dy53My5vcmcvMjAwMC9zdmciPjwvc3ZnPg==\" style=\"--smush-placeholder-width: 1920px; --smush-placeholder-aspect-ratio: 1920\/1080;\" \/><\/figure>\n\n\n\n<p>El programa semanal era claro y estructurado, sin dejar de ser agradablemente distendido: todas las ma\u00f1anas se ofrec\u00edan a los padres charlas enriquecedoras sobre temas que nos conciernen a todos, pero que, en el d\u00eda a d\u00eda, suelen quedar relegados a un segundo plano. Estas charlas invitaban a la reflexi\u00f3n, abr\u00edan el camino a debates en grupo y fomentaban valiosos intercambios entre los c\u00f3nyuges.<\/p>\n\n\n\n<p>Mientras tanto, los ni\u00f1os afectados y sus hermanos sanos eran atendidos con esmero. Para ellos, lo m\u00e1s destacado era la discoteca infantil que se celebraba todas las noches, pura diversi\u00f3n para todos.<\/p>\n\n\n\n<figure class=\"wp-block-image size-large\"><img decoding=\"async\" width=\"1920\" height=\"1080\" data-src=\"https:\/\/dupmecp2.eu\/wp-content\/uploads\/2025\/08\/Lignano-Team-edited.jpg\" alt=\"\" class=\"wp-image-33440 lazyload\" data-srcset=\"https:\/\/dupmecp2.eu\/wp-content\/uploads\/2025\/08\/Lignano-Team-edited.jpg 1920w, https:\/\/dupmecp2.eu\/wp-content\/uploads\/2025\/08\/Lignano-Team-edited-300x169.jpg 300w, https:\/\/dupmecp2.eu\/wp-content\/uploads\/2025\/08\/Lignano-Team-edited-1024x576.jpg 1024w, https:\/\/dupmecp2.eu\/wp-content\/uploads\/2025\/08\/Lignano-Team-edited-768x432.jpg 768w, https:\/\/dupmecp2.eu\/wp-content\/uploads\/2025\/08\/Lignano-Team-edited-1536x864.jpg 1536w, https:\/\/dupmecp2.eu\/wp-content\/uploads\/2025\/08\/Lignano-Team-edited-18x10.jpg 18w\" data-sizes=\"(max-width: 1920px) 100vw, 1920px\" src=\"data:image\/svg+xml;base64,PHN2ZyB3aWR0aD0iMSIgaGVpZ2h0PSIxIiB4bWxucz0iaHR0cDovL3d3dy53My5vcmcvMjAwMC9zdmciPjwvc3ZnPg==\" style=\"--smush-placeholder-width: 1920px; --smush-placeholder-aspect-ratio: 1920\/1080;\" \/><\/figure>\n\n\n\n<p>Poder dejar vagar la mente durante toda una semana no es algo que las familias con necesidades especiales puedan dar por sentado. Por eso estamos tan agradecidos de haber podido vivir este tiempo intenso y reparador en Italia.<\/p>\n\n\n\n<p>Ya estamos deseando que llegue el a\u00f1o que viene, y recomendamos de todo coraz\u00f3n esta experiencia a todas las familias con ni\u00f1os discapacitados.<\/p>\n\n\n\n<p><strong>Familia Curic<\/strong><br>Ana, Boris, Theo y Jan<\/p>\n\n\n\n<div style=\"height:29px\" aria-hidden=\"true\" class=\"wp-block-spacer\"><\/div>\n\n\n\n<div class=\"wp-block-buttons is-layout-flex wp-block-buttons-is-layout-flex\">\n<div class=\"wp-block-button\"><a class=\"wp-block-button__link has-white-color has-text-color has-background has-link-color wp-element-button\" href=\"https:\/\/dupmecp2.eu\/es\/vacaciones-para-discapacitados\/\" style=\"border-radius:11px;background-color:#f7a13f\">M\u00e1s informaci\u00f3n sobre la semana intensiva<\/a><\/div>\n<\/div>\n\n\n\n<div style=\"height:29px\" aria-hidden=\"true\" class=\"wp-block-spacer\"><\/div>\n\n\n\n<p><\/p>\n\n\n\n<p><\/p>","protected":false},"excerpt":{"rendered":"<p>Cette ann\u00e9e, notre famille a eu l\u2019occasion de participer pour la toute premi\u00e8re fois \u00e0 la Semaine Intensive de Lignano. C\u2019est la Dre Baumgartner qui nous l\u2019a recommand\u00e9e, et ce [&hellip;]<\/p>","protected":false},"author":1,"featured_media":33441,"comment_status":"closed","ping_status":"closed","sticky":false,"template":"","format":"standard","meta":{"footnotes":""},"categories":[174],"tags":[],"class_list":["post-33433","post","type-post","status-publish","format-standard","has-post-thumbnail","hentry","category-temoignage"],"yoast_head":"<!-- This site is optimized with the Yoast SEO plugin v25.8 - https:\/\/yoast.com\/wordpress\/plugins\/seo\/ -->\n<title>Semaine Intensive \u00e0 Lignano \u2013 Un moment unique pour notre famille - DupMECP2<\/title>\n<meta name=\"description\" content=\"Cette ann\u00e9e, notre famille a eu l\u2019occasion de participer pour la toute premi\u00e8re fois \u00e0 la Semaine Intensive de Lignano...Nous recommandons de tout c\u0153ur cette exp\u00e9rience \u00e0 toutes les familles avec enfants en situation de handicap.\" \/>\n<meta name=\"robots\" content=\"index, follow, max-snippet:-1, max-image-preview:large, max-video-preview:-1\" \/>\n<link rel=\"canonical\" href=\"https:\/\/dupmecp2.eu\/es\/lignano-2025\/\" \/>\n<meta property=\"og:locale\" content=\"es_ES\" \/>\n<meta property=\"og:type\" content=\"article\" \/>\n<meta property=\"og:title\" content=\"Semaine Intensive \u00e0 Lignano \u2013 Un moment unique pour notre famille - DupMECP2\" \/>\n<meta property=\"og:description\" content=\"Cette ann\u00e9e, notre famille a eu l\u2019occasion de participer pour la toute premi\u00e8re fois \u00e0 la Semaine Intensive de Lignano...Nous recommandons de tout c\u0153ur cette exp\u00e9rience \u00e0 toutes les familles avec enfants en situation de handicap.\" \/>\n<meta property=\"og:url\" content=\"https:\/\/dupmecp2.eu\/es\/lignano-2025\/\" \/>\n<meta property=\"og:site_name\" content=\"DupMECP2\" \/>\n<meta property=\"article:published_time\" content=\"2025-07-27T12:25:18+00:00\" \/>\n<meta property=\"article:modified_time\" content=\"2025-09-04T08:46:54+00:00\" \/>\n<meta property=\"og:image\" content=\"https:\/\/dupmecp2.eu\/wp-content\/uploads\/2025\/07\/Holiday-Curic.jpeg\" \/>\n\t<meta property=\"og:image:width\" content=\"2000\" \/>\n\t<meta property=\"og:image:height\" content=\"1500\" \/>\n\t<meta property=\"og:image:type\" content=\"image\/jpeg\" \/>\n<meta name=\"author\" content=\"Caroline\" \/>\n<meta name=\"twitter:card\" content=\"summary_large_image\" \/>\n<meta name=\"twitter:label1\" content=\"Escrito por\" \/>\n\t<meta name=\"twitter:data1\" content=\"Caroline\" \/>\n\t<meta name=\"twitter:label2\" content=\"Tiempo de lectura\" \/>\n\t<meta name=\"twitter:data2\" content=\"3 minutos\" \/>\n<script type=\"application\/ld+json\" class=\"yoast-schema-graph\">{\"@context\":\"https:\/\/schema.org\",\"@graph\":[{\"@type\":\"Article\",\"@id\":\"https:\/\/dupmecp2.eu\/lignano-2025\/#article\",\"isPartOf\":{\"@id\":\"https:\/\/dupmecp2.eu\/lignano-2025\/\"},\"author\":{\"name\":\"Caroline\",\"@id\":\"https:\/\/dupmecp2.eu\/#\/schema\/person\/b41e8cbba153cd974ee340386af279ee\"},\"headline\":\"Semaine Intensive \u00e0 Lignano \u2013 Un moment unique pour notre famille\",\"datePublished\":\"2025-07-27T12:25:18+00:00\",\"dateModified\":\"2025-09-04T08:46:54+00:00\",\"mainEntityOfPage\":{\"@id\":\"https:\/\/dupmecp2.eu\/lignano-2025\/\"},\"wordCount\":378,\"publisher\":{\"@id\":\"https:\/\/dupmecp2.eu\/#organization\"},\"image\":{\"@id\":\"https:\/\/dupmecp2.eu\/lignano-2025\/#primaryimage\"},\"thumbnailUrl\":\"https:\/\/dupmecp2.eu\/wp-content\/uploads\/2025\/07\/Holiday-Curic.jpeg\",\"articleSection\":[\"T\u00e9moignage\"],\"inLanguage\":\"es\"},{\"@type\":\"WebPage\",\"@id\":\"https:\/\/dupmecp2.eu\/lignano-2025\/\",\"url\":\"https:\/\/dupmecp2.eu\/lignano-2025\/\",\"name\":\"Semaine Intensive \u00e0 Lignano \u2013 Un moment unique pour notre famille - DupMECP2\",\"isPartOf\":{\"@id\":\"https:\/\/dupmecp2.eu\/#website\"},\"primaryImageOfPage\":{\"@id\":\"https:\/\/dupmecp2.eu\/lignano-2025\/#primaryimage\"},\"image\":{\"@id\":\"https:\/\/dupmecp2.eu\/lignano-2025\/#primaryimage\"},\"thumbnailUrl\":\"https:\/\/dupmecp2.eu\/wp-content\/uploads\/2025\/07\/Holiday-Curic.jpeg\",\"datePublished\":\"2025-07-27T12:25:18+00:00\",\"dateModified\":\"2025-09-04T08:46:54+00:00\",\"description\":\"Cette ann\u00e9e, notre famille a eu l\u2019occasion de participer pour la toute premi\u00e8re fois \u00e0 la Semaine Intensive de Lignano...Nous recommandons de tout c\u0153ur cette exp\u00e9rience \u00e0 toutes les familles avec enfants en situation de handicap.\",\"breadcrumb\":{\"@id\":\"https:\/\/dupmecp2.eu\/lignano-2025\/#breadcrumb\"},\"inLanguage\":\"es\",\"potentialAction\":[{\"@type\":\"ReadAction\",\"target\":[\"https:\/\/dupmecp2.eu\/lignano-2025\/\"]}]},{\"@type\":\"ImageObject\",\"inLanguage\":\"es\",\"@id\":\"https:\/\/dupmecp2.eu\/lignano-2025\/#primaryimage\",\"url\":\"https:\/\/dupmecp2.eu\/wp-content\/uploads\/2025\/07\/Holiday-Curic.jpeg\",\"contentUrl\":\"https:\/\/dupmecp2.eu\/wp-content\/uploads\/2025\/07\/Holiday-Curic.jpeg\",\"width\":2000,\"height\":1500},{\"@type\":\"BreadcrumbList\",\"@id\":\"https:\/\/dupmecp2.eu\/lignano-2025\/#breadcrumb\",\"itemListElement\":[{\"@type\":\"ListItem\",\"position\":1,\"name\":\"Accueil\",\"item\":\"https:\/\/dupmecp2.eu\/\"},{\"@type\":\"ListItem\",\"position\":2,\"name\":\"T\u00e9moignage\",\"item\":\"https:\/\/dupmecp2.eu\/category\/temoignage\/\"},{\"@type\":\"ListItem\",\"position\":3,\"name\":\"Semaine Intensive \u00e0 Lignano \u2013 Un moment unique pour notre famille\"}]},{\"@type\":\"WebSite\",\"@id\":\"https:\/\/dupmecp2.eu\/#website\",\"url\":\"https:\/\/dupmecp2.eu\/\",\"name\":\"DupMECP2\",\"description\":\"EU\",\"publisher\":{\"@id\":\"https:\/\/dupmecp2.eu\/#organization\"},\"potentialAction\":[{\"@type\":\"SearchAction\",\"target\":{\"@type\":\"EntryPoint\",\"urlTemplate\":\"https:\/\/dupmecp2.eu\/?s={search_term_string}\"},\"query-input\":{\"@type\":\"PropertyValueSpecification\",\"valueRequired\":true,\"valueName\":\"search_term_string\"}}],\"inLanguage\":\"es\"},{\"@type\":\"Organization\",\"@id\":\"https:\/\/dupmecp2.eu\/#organization\",\"name\":\"DupMECP2\",\"url\":\"https:\/\/dupmecp2.eu\/\",\"logo\":{\"@type\":\"ImageObject\",\"inLanguage\":\"es\",\"@id\":\"https:\/\/dupmecp2.eu\/#\/schema\/logo\/image\/\",\"url\":\"\",\"contentUrl\":\"\",\"caption\":\"DupMECP2\"},\"image\":{\"@id\":\"https:\/\/dupmecp2.eu\/#\/schema\/logo\/image\/\"}},{\"@type\":\"Person\",\"@id\":\"https:\/\/dupmecp2.eu\/#\/schema\/person\/b41e8cbba153cd974ee340386af279ee\",\"name\":\"Caroline\",\"sameAs\":[\"https:\/\/dupmecp2.eu\"],\"url\":\"https:\/\/dupmecp2.eu\/es\/author\/417a2385dc37aa45\/\"}]}<\/script>\n<!-- \/ Yoast SEO plugin. -->","yoast_head_json":{"title":"Semana intensiva en Lignano - Un momento \u00fanico para nuestra familia - DupMECP2","description":"Este a\u00f1o, nuestra familia tuvo la oportunidad de participar por primera vez en la Semana Intensiva de Lignano... Recomendamos de todo coraz\u00f3n esta experiencia a todas las familias con ni\u00f1os discapacitados.","robots":{"index":"index","follow":"follow","max-snippet":"max-snippet:-1","max-image-preview":"max-image-preview:large","max-video-preview":"max-video-preview:-1"},"canonical":"https:\/\/dupmecp2.eu\/es\/lignano-2025\/","og_locale":"es_ES","og_type":"article","og_title":"Semaine Intensive \u00e0 Lignano \u2013 Un moment unique pour notre famille - DupMECP2","og_description":"Cette ann\u00e9e, notre famille a eu l\u2019occasion de participer pour la toute premi\u00e8re fois \u00e0 la Semaine Intensive de Lignano...Nous recommandons de tout c\u0153ur cette exp\u00e9rience \u00e0 toutes les familles avec enfants en situation de handicap.","og_url":"https:\/\/dupmecp2.eu\/es\/lignano-2025\/","og_site_name":"DupMECP2","article_published_time":"2025-07-27T12:25:18+00:00","article_modified_time":"2025-09-04T08:46:54+00:00","og_image":[{"width":2000,"height":1500,"url":"https:\/\/dupmecp2.eu\/wp-content\/uploads\/2025\/07\/Holiday-Curic.jpeg","type":"image\/jpeg"}],"author":"Caroline","twitter_card":"summary_large_image","twitter_misc":{"Escrito por":"Caroline","Tiempo de lectura":"3 minutos"},"schema":{"@context":"https:\/\/schema.org","@graph":[{"@type":"Article","@id":"https:\/\/dupmecp2.eu\/lignano-2025\/#article","isPartOf":{"@id":"https:\/\/dupmecp2.eu\/lignano-2025\/"},"author":{"name":"Caroline","@id":"https:\/\/dupmecp2.eu\/#\/schema\/person\/b41e8cbba153cd974ee340386af279ee"},"headline":"Semaine Intensive \u00e0 Lignano \u2013 Un moment unique pour notre famille","datePublished":"2025-07-27T12:25:18+00:00","dateModified":"2025-09-04T08:46:54+00:00","mainEntityOfPage":{"@id":"https:\/\/dupmecp2.eu\/lignano-2025\/"},"wordCount":378,"publisher":{"@id":"https:\/\/dupmecp2.eu\/#organization"},"image":{"@id":"https:\/\/dupmecp2.eu\/lignano-2025\/#primaryimage"},"thumbnailUrl":"https:\/\/dupmecp2.eu\/wp-content\/uploads\/2025\/07\/Holiday-Curic.jpeg","articleSection":["T\u00e9moignage"],"inLanguage":"es"},{"@type":"WebPage","@id":"https:\/\/dupmecp2.eu\/lignano-2025\/","url":"https:\/\/dupmecp2.eu\/lignano-2025\/","name":"Semana intensiva en Lignano - Un momento \u00fanico para nuestra familia - DupMECP2","isPartOf":{"@id":"https:\/\/dupmecp2.eu\/#website"},"primaryImageOfPage":{"@id":"https:\/\/dupmecp2.eu\/lignano-2025\/#primaryimage"},"image":{"@id":"https:\/\/dupmecp2.eu\/lignano-2025\/#primaryimage"},"thumbnailUrl":"https:\/\/dupmecp2.eu\/wp-content\/uploads\/2025\/07\/Holiday-Curic.jpeg","datePublished":"2025-07-27T12:25:18+00:00","dateModified":"2025-09-04T08:46:54+00:00","description":"Este a\u00f1o, nuestra familia tuvo la oportunidad de participar por primera vez en la Semana Intensiva de Lignano... Recomendamos de todo coraz\u00f3n esta experiencia a todas las familias con ni\u00f1os discapacitados.","breadcrumb":{"@id":"https:\/\/dupmecp2.eu\/lignano-2025\/#breadcrumb"},"inLanguage":"es","potentialAction":[{"@type":"ReadAction","target":["https:\/\/dupmecp2.eu\/lignano-2025\/"]}]},{"@type":"ImageObject","inLanguage":"es","@id":"https:\/\/dupmecp2.eu\/lignano-2025\/#primaryimage","url":"https:\/\/dupmecp2.eu\/wp-content\/uploads\/2025\/07\/Holiday-Curic.jpeg","contentUrl":"https:\/\/dupmecp2.eu\/wp-content\/uploads\/2025\/07\/Holiday-Curic.jpeg","width":2000,"height":1500},{"@type":"BreadcrumbList","@id":"https:\/\/dupmecp2.eu\/lignano-2025\/#breadcrumb","itemListElement":[{"@type":"ListItem","position":1,"name":"Accueil","item":"https:\/\/dupmecp2.eu\/"},{"@type":"ListItem","position":2,"name":"T\u00e9moignage","item":"https:\/\/dupmecp2.eu\/category\/temoignage\/"},{"@type":"ListItem","position":3,"name":"Semaine Intensive \u00e0 Lignano \u2013 Un moment unique pour notre famille"}]},{"@type":"WebSite","@id":"https:\/\/dupmecp2.eu\/#website","url":"https:\/\/dupmecp2.eu\/","name":"DupMECP2","description":"UE","publisher":{"@id":"https:\/\/dupmecp2.eu\/#organization"},"potentialAction":[{"@type":"SearchAction","target":{"@type":"EntryPoint","urlTemplate":"https:\/\/dupmecp2.eu\/?s={search_term_string}"},"query-input":{"@type":"PropertyValueSpecification","valueRequired":true,"valueName":"search_term_string"}}],"inLanguage":"es"},{"@type":"Organization","@id":"https:\/\/dupmecp2.eu\/#organization","name":"DupMECP2","url":"https:\/\/dupmecp2.eu\/","logo":{"@type":"ImageObject","inLanguage":"es","@id":"https:\/\/dupmecp2.eu\/#\/schema\/logo\/image\/","url":"","contentUrl":"","caption":"DupMECP2"},"image":{"@id":"https:\/\/dupmecp2.eu\/#\/schema\/logo\/image\/"}},{"@type":"Person","@id":"https:\/\/dupmecp2.eu\/#\/schema\/person\/b41e8cbba153cd974ee340386af279ee","name":"Caroline","sameAs":["https:\/\/dupmecp2.eu"],"url":"https:\/\/dupmecp2.eu\/es\/author\/417a2385dc37aa45\/"}]}},"_links":{"self":[{"href":"https:\/\/dupmecp2.eu\/es\/wp-json\/wp\/v2\/posts\/33433","targetHints":{"allow":["GET"]}}],"collection":[{"href":"https:\/\/dupmecp2.eu\/es\/wp-json\/wp\/v2\/posts"}],"about":[{"href":"https:\/\/dupmecp2.eu\/es\/wp-json\/wp\/v2\/types\/post"}],"author":[{"embeddable":true,"href":"https:\/\/dupmecp2.eu\/es\/wp-json\/wp\/v2\/users\/1"}],"replies":[{"embeddable":true,"href":"https:\/\/dupmecp2.eu\/es\/wp-json\/wp\/v2\/comments?post=33433"}],"version-history":[{"count":4,"href":"https:\/\/dupmecp2.eu\/es\/wp-json\/wp\/v2\/posts\/33433\/revisions"}],"predecessor-version":[{"id":33482,"href":"https:\/\/dupmecp2.eu\/es\/wp-json\/wp\/v2\/posts\/33433\/revisions\/33482"}],"wp:featuredmedia":[{"embeddable":true,"href":"https:\/\/dupmecp2.eu\/es\/wp-json\/wp\/v2\/media\/33441"}],"wp:attachment":[{"href":"https:\/\/dupmecp2.eu\/es\/wp-json\/wp\/v2\/media?parent=33433"}],"wp:term":[{"taxonomy":"category","embeddable":true,"href":"https:\/\/dupmecp2.eu\/es\/wp-json\/wp\/v2\/categories?post=33433"},{"taxonomy":"post_tag","embeddable":true,"href":"https:\/\/dupmecp2.eu\/es\/wp-json\/wp\/v2\/tags?post=33433"}],"curies":[{"name":"wp","href":"https:\/\/api.w.org\/{rel}","templated":true}]}}