{"id":33448,"date":"2025-09-03T16:47:58","date_gmt":"2025-09-03T14:47:58","guid":{"rendered":"https:\/\/dupmecp2.eu\/?p=33448"},"modified":"2025-09-10T11:27:57","modified_gmt":"2025-09-10T09:27:57","slug":"darowizny-upamietniajace-bliskich","status":"publish","type":"post","link":"https:\/\/dupmecp2.eu\/pl\/darowizny-upamietniajace-bliskich\/","title":{"rendered":"Darowizny upami\u0119tniaj\u0105ce bliskich"},"content":{"rendered":"<p class=\"has-text-align-right\"><\/p>\n\n\n\n<p>Niedawno kilka rodzin, wci\u0105\u017c pogr\u0105\u017conych w \u017ca\u0142obie po stracie ukochanej osoby, podj\u0119\u0142o wspania\u0142omy\u015bln\u0105 decyzj\u0119 o rezygnacji z kwiat\u00f3w i wie\u0144c\u00f3w na pogrzebie. Zamiast tego zdecydowali si\u0119 przekaza\u0107 pieni\u0105dze, kt\u00f3re zosta\u0142yby wydane na kompozycje kwiatowe, naszemu stowarzyszeniu DupMECP2 - Lasst uns MDS heilen.<\/p>\n\n\n\n<p><strong>Jeste\u015bmy zar\u00f3wno dumni, jak i wdzi\u0119czni, \u017ce nawet w smutku rodziny te pomy\u015bla\u0142y o naszych dzieciach z zespo\u0142em duplikacji genu MECP2 i ich przysz\u0142o\u015bci.<\/strong><\/p>\n\n\n\n<p>Ka\u017cde przekazane euro trafia bezpo\u015brednio na wsparcie dzieci i rodzin znajduj\u0105cych si\u0119 pod nasz\u0105 opiek\u0105, pomagaj\u0105c wzmocni\u0107 nasz\u0105 spo\u0142eczno\u015b\u0107 i kontynuowa\u0107 nasz\u0105 misj\u0119. Jeste\u015bmy g\u0142\u0119boko poruszeni hojno\u015bci\u0105 i mi\u0142o\u015bci\u0105 okazywan\u0105 przez te rodziny, nawet po\u015br\u00f3d ich w\u0142asnego smutku.<br><\/p>\n\n\n\n<p><strong>Dzi\u0119kuj\u0119 za przekszta\u0142cenie b\u00f3lu w nadziej\u0119 dla innych.<br>Twoje dziedzictwo b\u0119dzie \u017cy\u0142o w przysz\u0142o\u015bci naszych dzieci.<\/strong><\/p>\n\n\n\n<p>Je\u015bli i Ty chcia\u0142by\u015b uczci\u0107 pami\u0119\u0107 bliskiej osoby, wspieraj\u0105c jednocze\u015bnie nasze dzieci, skontaktuj si\u0119 z nami pod adresem office@dupmecp2.eu.<\/p>\n\n\n\n<div class=\"wp-block-buttons is-layout-flex wp-block-buttons-is-layout-flex\">\n<div class=\"wp-block-button\"><a class=\"wp-block-button__link has-white-color has-text-color has-background has-link-color wp-element-button\" href=\"https:\/\/dupmecp2.eu\/pl\/wsparcie-dawac\/\" style=\"border-radius:11px;background-color:#f7a13f\">Przeka\u017c darowizn\u0119<\/a><\/div>\n<\/div>","protected":false},"excerpt":{"rendered":"<p>R\u00e9cemment, plusieurs familles, alors qu&rsquo;elles \u00e9taient encore sous le choc de la perte d&rsquo;un \u00eatre cher, ont pris la g\u00e9n\u00e9reuse d\u00e9cision de renoncer aux fleurs et aux couronnes lors des [&hellip;]<\/p>","protected":false},"author":1,"featured_media":33451,"comment_status":"closed","ping_status":"closed","sticky":false,"template":"","format":"standard","meta":{"footnotes":""},"categories":[169],"tags":[],"class_list":["post-33448","post","type-post","status-publish","format-standard","has-post-thumbnail","hentry","category-nos-heros"],"yoast_head":"<!-- This site is optimized with the Yoast SEO plugin v25.8 - https:\/\/yoast.com\/wordpress\/plugins\/seo\/ -->\n<title>Dons \u00e0 la m\u00e9moire d&#039;\u00eatres chers - DupMECP2<\/title>\n<meta name=\"description\" content=\"R\u00e9cemment, plusieurs familles, alors qu&#039;elles \u00e9taient encore sous le choc de la perte d&#039;un \u00eatre cher, ont pris la g\u00e9n\u00e9reuse d\u00e9cision de renoncer aux fleurs et aux couronnes lors des fun\u00e9railles pour faire don \u00e0 notre association.\" \/>\n<meta name=\"robots\" content=\"index, follow, max-snippet:-1, max-image-preview:large, max-video-preview:-1\" \/>\n<link rel=\"canonical\" href=\"https:\/\/dupmecp2.eu\/pl\/darowizny-upamietniajace-bliskich\/\" \/>\n<meta property=\"og:locale\" content=\"pl_PL\" \/>\n<meta property=\"og:type\" content=\"article\" \/>\n<meta property=\"og:title\" content=\"Dons \u00e0 la m\u00e9moire d&#039;\u00eatres chers - DupMECP2\" \/>\n<meta property=\"og:description\" content=\"R\u00e9cemment, plusieurs familles, alors qu&#039;elles \u00e9taient encore sous le choc de la perte d&#039;un \u00eatre cher, ont pris la g\u00e9n\u00e9reuse d\u00e9cision de renoncer aux fleurs et aux couronnes lors des fun\u00e9railles pour faire don \u00e0 notre association.\" \/>\n<meta property=\"og:url\" content=\"https:\/\/dupmecp2.eu\/pl\/darowizny-upamietniajace-bliskich\/\" \/>\n<meta property=\"og:site_name\" content=\"DupMECP2\" \/>\n<meta property=\"article:published_time\" content=\"2025-09-03T14:47:58+00:00\" \/>\n<meta property=\"article:modified_time\" content=\"2025-09-10T09:27:57+00:00\" \/>\n<meta property=\"og:image\" content=\"https:\/\/dupmecp2.eu\/wp-content\/uploads\/2025\/09\/funeral.jpg\" \/>\n\t<meta property=\"og:image:width\" content=\"1080\" \/>\n\t<meta property=\"og:image:height\" content=\"1080\" \/>\n\t<meta property=\"og:image:type\" content=\"image\/jpeg\" \/>\n<meta name=\"author\" content=\"Caroline\" \/>\n<meta name=\"twitter:card\" content=\"summary_large_image\" \/>\n<meta name=\"twitter:label1\" content=\"Napisane przez\" \/>\n\t<meta name=\"twitter:data1\" content=\"Caroline\" \/>\n\t<meta name=\"twitter:label2\" content=\"Szacowany czas czytania\" \/>\n\t<meta name=\"twitter:data2\" content=\"2 minuty\" \/>\n<script type=\"application\/ld+json\" class=\"yoast-schema-graph\">{\"@context\":\"https:\/\/schema.org\",\"@graph\":[{\"@type\":\"Article\",\"@id\":\"https:\/\/dupmecp2.eu\/dons-memoire-etres-chers\/#article\",\"isPartOf\":{\"@id\":\"https:\/\/dupmecp2.eu\/dons-memoire-etres-chers\/\"},\"author\":{\"name\":\"Caroline\",\"@id\":\"https:\/\/dupmecp2.eu\/#\/schema\/person\/b41e8cbba153cd974ee340386af279ee\"},\"headline\":\"Dons \u00e0 la m\u00e9moire d&rsquo;\u00eatres chers\",\"datePublished\":\"2025-09-03T14:47:58+00:00\",\"dateModified\":\"2025-09-10T09:27:57+00:00\",\"mainEntityOfPage\":{\"@id\":\"https:\/\/dupmecp2.eu\/dons-memoire-etres-chers\/\"},\"wordCount\":203,\"publisher\":{\"@id\":\"https:\/\/dupmecp2.eu\/#organization\"},\"image\":{\"@id\":\"https:\/\/dupmecp2.eu\/dons-memoire-etres-chers\/#primaryimage\"},\"thumbnailUrl\":\"https:\/\/dupmecp2.eu\/wp-content\/uploads\/2025\/09\/funeral.jpg\",\"articleSection\":[\"Nos h\u00e9ros\"],\"inLanguage\":\"pl-PL\"},{\"@type\":\"WebPage\",\"@id\":\"https:\/\/dupmecp2.eu\/dons-memoire-etres-chers\/\",\"url\":\"https:\/\/dupmecp2.eu\/dons-memoire-etres-chers\/\",\"name\":\"Dons \u00e0 la m\u00e9moire d'\u00eatres chers - DupMECP2\",\"isPartOf\":{\"@id\":\"https:\/\/dupmecp2.eu\/#website\"},\"primaryImageOfPage\":{\"@id\":\"https:\/\/dupmecp2.eu\/dons-memoire-etres-chers\/#primaryimage\"},\"image\":{\"@id\":\"https:\/\/dupmecp2.eu\/dons-memoire-etres-chers\/#primaryimage\"},\"thumbnailUrl\":\"https:\/\/dupmecp2.eu\/wp-content\/uploads\/2025\/09\/funeral.jpg\",\"datePublished\":\"2025-09-03T14:47:58+00:00\",\"dateModified\":\"2025-09-10T09:27:57+00:00\",\"description\":\"R\u00e9cemment, plusieurs familles, alors qu'elles \u00e9taient encore sous le choc de la perte d'un \u00eatre cher, ont pris la g\u00e9n\u00e9reuse d\u00e9cision de renoncer aux fleurs et aux couronnes lors des fun\u00e9railles pour faire don \u00e0 notre association.\",\"breadcrumb\":{\"@id\":\"https:\/\/dupmecp2.eu\/dons-memoire-etres-chers\/#breadcrumb\"},\"inLanguage\":\"pl-PL\",\"potentialAction\":[{\"@type\":\"ReadAction\",\"target\":[\"https:\/\/dupmecp2.eu\/dons-memoire-etres-chers\/\"]}]},{\"@type\":\"ImageObject\",\"inLanguage\":\"pl-PL\",\"@id\":\"https:\/\/dupmecp2.eu\/dons-memoire-etres-chers\/#primaryimage\",\"url\":\"https:\/\/dupmecp2.eu\/wp-content\/uploads\/2025\/09\/funeral.jpg\",\"contentUrl\":\"https:\/\/dupmecp2.eu\/wp-content\/uploads\/2025\/09\/funeral.jpg\",\"width\":1080,\"height\":1080},{\"@type\":\"BreadcrumbList\",\"@id\":\"https:\/\/dupmecp2.eu\/dons-memoire-etres-chers\/#breadcrumb\",\"itemListElement\":[{\"@type\":\"ListItem\",\"position\":1,\"name\":\"Accueil\",\"item\":\"https:\/\/dupmecp2.eu\/\"},{\"@type\":\"ListItem\",\"position\":2,\"name\":\"Nos h\u00e9ros\",\"item\":\"https:\/\/dupmecp2.eu\/category\/nos-heros\/\"},{\"@type\":\"ListItem\",\"position\":3,\"name\":\"Dons \u00e0 la m\u00e9moire d&#8217;\u00eatres chers\"}]},{\"@type\":\"WebSite\",\"@id\":\"https:\/\/dupmecp2.eu\/#website\",\"url\":\"https:\/\/dupmecp2.eu\/\",\"name\":\"DupMECP2\",\"description\":\"EU\",\"publisher\":{\"@id\":\"https:\/\/dupmecp2.eu\/#organization\"},\"potentialAction\":[{\"@type\":\"SearchAction\",\"target\":{\"@type\":\"EntryPoint\",\"urlTemplate\":\"https:\/\/dupmecp2.eu\/?s={search_term_string}\"},\"query-input\":{\"@type\":\"PropertyValueSpecification\",\"valueRequired\":true,\"valueName\":\"search_term_string\"}}],\"inLanguage\":\"pl-PL\"},{\"@type\":\"Organization\",\"@id\":\"https:\/\/dupmecp2.eu\/#organization\",\"name\":\"DupMECP2\",\"url\":\"https:\/\/dupmecp2.eu\/\",\"logo\":{\"@type\":\"ImageObject\",\"inLanguage\":\"pl-PL\",\"@id\":\"https:\/\/dupmecp2.eu\/#\/schema\/logo\/image\/\",\"url\":\"\",\"contentUrl\":\"\",\"caption\":\"DupMECP2\"},\"image\":{\"@id\":\"https:\/\/dupmecp2.eu\/#\/schema\/logo\/image\/\"}},{\"@type\":\"Person\",\"@id\":\"https:\/\/dupmecp2.eu\/#\/schema\/person\/b41e8cbba153cd974ee340386af279ee\",\"name\":\"Caroline\",\"sameAs\":[\"https:\/\/dupmecp2.eu\"],\"url\":\"https:\/\/dupmecp2.eu\/pl\/author\/417a2385dc37aa45\/\"}]}<\/script>\n<!-- \/ Yoast SEO plugin. -->","yoast_head_json":{"title":"Prezenty upami\u0119tniaj\u0105ce bliskich - DupMECP2","description":"W ostatnim czasie wiele rodzin, wci\u0105\u017c borykaj\u0105cych si\u0119 ze strat\u0105 ukochanej osoby, podj\u0119\u0142o wspania\u0142omy\u015bln\u0105 decyzj\u0119 o rezygnacji z kwiat\u00f3w i wie\u0144c\u00f3w na pogrzebach na rzecz naszego stowarzyszenia.","robots":{"index":"index","follow":"follow","max-snippet":"max-snippet:-1","max-image-preview":"max-image-preview:large","max-video-preview":"max-video-preview:-1"},"canonical":"https:\/\/dupmecp2.eu\/pl\/darowizny-upamietniajace-bliskich\/","og_locale":"pl_PL","og_type":"article","og_title":"Dons \u00e0 la m\u00e9moire d'\u00eatres chers - DupMECP2","og_description":"R\u00e9cemment, plusieurs familles, alors qu'elles \u00e9taient encore sous le choc de la perte d'un \u00eatre cher, ont pris la g\u00e9n\u00e9reuse d\u00e9cision de renoncer aux fleurs et aux couronnes lors des fun\u00e9railles pour faire don \u00e0 notre association.","og_url":"https:\/\/dupmecp2.eu\/pl\/darowizny-upamietniajace-bliskich\/","og_site_name":"DupMECP2","article_published_time":"2025-09-03T14:47:58+00:00","article_modified_time":"2025-09-10T09:27:57+00:00","og_image":[{"width":1080,"height":1080,"url":"https:\/\/dupmecp2.eu\/wp-content\/uploads\/2025\/09\/funeral.jpg","type":"image\/jpeg"}],"author":"Caroline","twitter_card":"summary_large_image","twitter_misc":{"Napisane przez":"Caroline","Szacowany czas czytania":"2 minuty"},"schema":{"@context":"https:\/\/schema.org","@graph":[{"@type":"Article","@id":"https:\/\/dupmecp2.eu\/dons-memoire-etres-chers\/#article","isPartOf":{"@id":"https:\/\/dupmecp2.eu\/dons-memoire-etres-chers\/"},"author":{"name":"Caroline","@id":"https:\/\/dupmecp2.eu\/#\/schema\/person\/b41e8cbba153cd974ee340386af279ee"},"headline":"Dons \u00e0 la m\u00e9moire d&rsquo;\u00eatres chers","datePublished":"2025-09-03T14:47:58+00:00","dateModified":"2025-09-10T09:27:57+00:00","mainEntityOfPage":{"@id":"https:\/\/dupmecp2.eu\/dons-memoire-etres-chers\/"},"wordCount":203,"publisher":{"@id":"https:\/\/dupmecp2.eu\/#organization"},"image":{"@id":"https:\/\/dupmecp2.eu\/dons-memoire-etres-chers\/#primaryimage"},"thumbnailUrl":"https:\/\/dupmecp2.eu\/wp-content\/uploads\/2025\/09\/funeral.jpg","articleSection":["Nos h\u00e9ros"],"inLanguage":"pl-PL"},{"@type":"WebPage","@id":"https:\/\/dupmecp2.eu\/dons-memoire-etres-chers\/","url":"https:\/\/dupmecp2.eu\/dons-memoire-etres-chers\/","name":"Prezenty upami\u0119tniaj\u0105ce bliskich - DupMECP2","isPartOf":{"@id":"https:\/\/dupmecp2.eu\/#website"},"primaryImageOfPage":{"@id":"https:\/\/dupmecp2.eu\/dons-memoire-etres-chers\/#primaryimage"},"image":{"@id":"https:\/\/dupmecp2.eu\/dons-memoire-etres-chers\/#primaryimage"},"thumbnailUrl":"https:\/\/dupmecp2.eu\/wp-content\/uploads\/2025\/09\/funeral.jpg","datePublished":"2025-09-03T14:47:58+00:00","dateModified":"2025-09-10T09:27:57+00:00","description":"W ostatnim czasie wiele rodzin, wci\u0105\u017c borykaj\u0105cych si\u0119 ze strat\u0105 ukochanej osoby, podj\u0119\u0142o wspania\u0142omy\u015bln\u0105 decyzj\u0119 o rezygnacji z kwiat\u00f3w i wie\u0144c\u00f3w na pogrzebach na rzecz naszego stowarzyszenia.","breadcrumb":{"@id":"https:\/\/dupmecp2.eu\/dons-memoire-etres-chers\/#breadcrumb"},"inLanguage":"pl-PL","potentialAction":[{"@type":"ReadAction","target":["https:\/\/dupmecp2.eu\/dons-memoire-etres-chers\/"]}]},{"@type":"ImageObject","inLanguage":"pl-PL","@id":"https:\/\/dupmecp2.eu\/dons-memoire-etres-chers\/#primaryimage","url":"https:\/\/dupmecp2.eu\/wp-content\/uploads\/2025\/09\/funeral.jpg","contentUrl":"https:\/\/dupmecp2.eu\/wp-content\/uploads\/2025\/09\/funeral.jpg","width":1080,"height":1080},{"@type":"BreadcrumbList","@id":"https:\/\/dupmecp2.eu\/dons-memoire-etres-chers\/#breadcrumb","itemListElement":[{"@type":"ListItem","position":1,"name":"Accueil","item":"https:\/\/dupmecp2.eu\/"},{"@type":"ListItem","position":2,"name":"Nos h\u00e9ros","item":"https:\/\/dupmecp2.eu\/category\/nos-heros\/"},{"@type":"ListItem","position":3,"name":"Dons \u00e0 la m\u00e9moire d&#8217;\u00eatres chers"}]},{"@type":"WebSite","@id":"https:\/\/dupmecp2.eu\/#website","url":"https:\/\/dupmecp2.eu\/","name":"DupMECP2","description":"UE","publisher":{"@id":"https:\/\/dupmecp2.eu\/#organization"},"potentialAction":[{"@type":"SearchAction","target":{"@type":"EntryPoint","urlTemplate":"https:\/\/dupmecp2.eu\/?s={search_term_string}"},"query-input":{"@type":"PropertyValueSpecification","valueRequired":true,"valueName":"search_term_string"}}],"inLanguage":"pl-PL"},{"@type":"Organization","@id":"https:\/\/dupmecp2.eu\/#organization","name":"DupMECP2","url":"https:\/\/dupmecp2.eu\/","logo":{"@type":"ImageObject","inLanguage":"pl-PL","@id":"https:\/\/dupmecp2.eu\/#\/schema\/logo\/image\/","url":"","contentUrl":"","caption":"DupMECP2"},"image":{"@id":"https:\/\/dupmecp2.eu\/#\/schema\/logo\/image\/"}},{"@type":"Person","@id":"https:\/\/dupmecp2.eu\/#\/schema\/person\/b41e8cbba153cd974ee340386af279ee","name":"Caroline","sameAs":["https:\/\/dupmecp2.eu"],"url":"https:\/\/dupmecp2.eu\/pl\/author\/417a2385dc37aa45\/"}]}},"_links":{"self":[{"href":"https:\/\/dupmecp2.eu\/pl\/wp-json\/wp\/v2\/posts\/33448","targetHints":{"allow":["GET"]}}],"collection":[{"href":"https:\/\/dupmecp2.eu\/pl\/wp-json\/wp\/v2\/posts"}],"about":[{"href":"https:\/\/dupmecp2.eu\/pl\/wp-json\/wp\/v2\/types\/post"}],"author":[{"embeddable":true,"href":"https:\/\/dupmecp2.eu\/pl\/wp-json\/wp\/v2\/users\/1"}],"replies":[{"embeddable":true,"href":"https:\/\/dupmecp2.eu\/pl\/wp-json\/wp\/v2\/comments?post=33448"}],"version-history":[{"count":4,"href":"https:\/\/dupmecp2.eu\/pl\/wp-json\/wp\/v2\/posts\/33448\/revisions"}],"predecessor-version":[{"id":33502,"href":"https:\/\/dupmecp2.eu\/pl\/wp-json\/wp\/v2\/posts\/33448\/revisions\/33502"}],"wp:featuredmedia":[{"embeddable":true,"href":"https:\/\/dupmecp2.eu\/pl\/wp-json\/wp\/v2\/media\/33451"}],"wp:attachment":[{"href":"https:\/\/dupmecp2.eu\/pl\/wp-json\/wp\/v2\/media?parent=33448"}],"wp:term":[{"taxonomy":"category","embeddable":true,"href":"https:\/\/dupmecp2.eu\/pl\/wp-json\/wp\/v2\/categories?post=33448"},{"taxonomy":"post_tag","embeddable":true,"href":"https:\/\/dupmecp2.eu\/pl\/wp-json\/wp\/v2\/tags?post=33448"}],"curies":[{"name":"wp","href":"https:\/\/api.w.org\/{rel}","templated":true}]}}